{"id":6274,"date":"2024-11-22T15:01:24","date_gmt":"2024-11-22T14:01:24","guid":{"rendered":"https:\/\/wgphoto.pl\/t\/?p=6274"},"modified":"2024-11-22T15:01:24","modified_gmt":"2024-11-22T14:01:24","slug":"a-jednak-sie-kreci","status":"publish","type":"post","link":"http:\/\/wgphoto.pl\/t\/?p=6274","title":{"rendered":"A jednak si\u0119 kr\u0119ci"},"content":{"rendered":"\n<figure class=\"wp-block-image aligncenter size-full\"><img loading=\"lazy\" decoding=\"async\" width=\"1300\" height=\"867\" src=\"https:\/\/wgphoto.pl\/t\/wp-content\/uploads\/2024\/11\/0333-09.jpg\" alt=\"\" class=\"wp-image-6275\" srcset=\"http:\/\/wgphoto.pl\/t\/wp-content\/uploads\/2024\/11\/0333-09.jpg 1300w, http:\/\/wgphoto.pl\/t\/wp-content\/uploads\/2024\/11\/0333-09-300x200.jpg 300w, http:\/\/wgphoto.pl\/t\/wp-content\/uploads\/2024\/11\/0333-09-768x512.jpg 768w\" sizes=\"auto, (max-width: 1300px) 100vw, 1300px\" \/><\/figure>\n\n\n\n<div class=\"wp-block-group has-global-padding is-layout-constrained wp-block-group-is-layout-constrained\">\n<p>Wroc\u0142aw, p\u0119tla Pilczyce i wagon 102Na 2021 na\u015bwietlany przez dwie minuty. To by\u0142a przedostatnia noc tramwajowych linii nocnych. 37 je\u017adzi\u0142o z Pilczyc na Krzyki przez Kazimierza Wielkiego &#8211; Pu\u0142askiego &#8211; Dworzec G\u0142\u00f3wny. 31.08.2003<\/p>\n<\/div>\n","protected":false},"excerpt":{"rendered":"<p>Wroc\u0142aw, p\u0119tla Pilczyce i wagon 102Na 2021 na\u015bwietlany przez dwie minuty. To by\u0142a przedostatnia noc tramwajowych linii nocnych. 37 je\u017adzi\u0142o z Pilczyc na Krzyki przez Kazimierza Wielkiego &#8211; Pu\u0142askiego &#8211; Dworzec G\u0142\u00f3wny. 31.08.2003<\/p>\n","protected":false},"author":1,"featured_media":6275,"comment_status":"open","ping_status":"","sticky":false,"template":"","format":"standard","meta":{"footnotes":""},"categories":[62,149,3],"tags":[2331,309,42,154,27,438,41,846],"class_list":["post-6274","post","type-post","status-publish","format-standard","has-post-thumbnail","hentry","category-analog","category-rok-2003","category-tramwaj","tag-2003-08-31","tag-konstal-102na","tag-mpk-wroclaw","tag-noc","tag-polska","tag-portret-z-petli","tag-wroclaw","tag-wroclawskie-linie-nocne"],"_links":{"self":[{"href":"http:\/\/wgphoto.pl\/t\/index.php?rest_route=\/wp\/v2\/posts\/6274","targetHints":{"allow":["GET"]}}],"collection":[{"href":"http:\/\/wgphoto.pl\/t\/index.php?rest_route=\/wp\/v2\/posts"}],"about":[{"href":"http:\/\/wgphoto.pl\/t\/index.php?rest_route=\/wp\/v2\/types\/post"}],"author":[{"embeddable":true,"href":"http:\/\/wgphoto.pl\/t\/index.php?rest_route=\/wp\/v2\/users\/1"}],"replies":[{"embeddable":true,"href":"http:\/\/wgphoto.pl\/t\/index.php?rest_route=%2Fwp%2Fv2%2Fcomments&post=6274"}],"version-history":[{"count":1,"href":"http:\/\/wgphoto.pl\/t\/index.php?rest_route=\/wp\/v2\/posts\/6274\/revisions"}],"predecessor-version":[{"id":6276,"href":"http:\/\/wgphoto.pl\/t\/index.php?rest_route=\/wp\/v2\/posts\/6274\/revisions\/6276"}],"wp:featuredmedia":[{"embeddable":true,"href":"http:\/\/wgphoto.pl\/t\/index.php?rest_route=\/wp\/v2\/media\/6275"}],"wp:attachment":[{"href":"http:\/\/wgphoto.pl\/t\/index.php?rest_route=%2Fwp%2Fv2%2Fmedia&parent=6274"}],"wp:term":[{"taxonomy":"category","embeddable":true,"href":"http:\/\/wgphoto.pl\/t\/index.php?rest_route=%2Fwp%2Fv2%2Fcategories&post=6274"},{"taxonomy":"post_tag","embeddable":true,"href":"http:\/\/wgphoto.pl\/t\/index.php?rest_route=%2Fwp%2Fv2%2Ftags&post=6274"}],"curies":[{"name":"wp","href":"https:\/\/api.w.org\/{rel}","templated":true}]}}