{"id":628,"date":"2024-09-30T18:28:08","date_gmt":"2024-09-30T16:28:08","guid":{"rendered":"https:\/\/wgphoto.pl\/t\/?p=628"},"modified":"2024-09-30T18:28:08","modified_gmt":"2024-09-30T16:28:08","slug":"jest-klimat-nie-ma-swiatla","status":"publish","type":"post","link":"http:\/\/wgphoto.pl\/t\/?p=628","title":{"rendered":"Jest klimat, nie ma \u015bwiat\u0142a"},"content":{"rendered":"\n<figure class=\"wp-block-image aligncenter size-full\"><img loading=\"lazy\" decoding=\"async\" width=\"1200\" height=\"800\" src=\"https:\/\/wgphoto.pl\/t\/wp-content\/uploads\/2024\/09\/0811-35.jpg\" alt=\"\" class=\"wp-image-629\" srcset=\"http:\/\/wgphoto.pl\/t\/wp-content\/uploads\/2024\/09\/0811-35.jpg 1200w, http:\/\/wgphoto.pl\/t\/wp-content\/uploads\/2024\/09\/0811-35-300x200.jpg 300w, http:\/\/wgphoto.pl\/t\/wp-content\/uploads\/2024\/09\/0811-35-768x512.jpg 768w\" sizes=\"auto, (max-width: 1200px) 100vw, 1200px\" \/><\/figure>\n\n\n\n<div class=\"wp-block-group has-global-padding is-layout-constrained wp-block-group-is-layout-constrained\">\n<p>Sosnowiec, ul. Stanis\u0142awa Staszica. 105N 452 zatrzyma\u0142 si\u0119 na przystanku mi\u0119dzy fabrycznym p\u0142otem a odrapan\u0105 kamienic\u0105, niestety s\u0142o\u0144ce nie zagra\u0142o. 26.08.2008<\/p>\n<\/div>\n","protected":false},"excerpt":{"rendered":"<p>Sosnowiec, ul. Stanis\u0142awa Staszica. 105N 452 zatrzyma\u0142 si\u0119 na przystanku mi\u0119dzy fabrycznym p\u0142otem a odrapan\u0105 kamienic\u0105, niestety s\u0142o\u0144ce nie zagra\u0142o. 26.08.2008<\/p>\n","protected":false},"author":1,"featured_media":629,"comment_status":"open","ping_status":"","sticky":false,"template":"","format":"standard","meta":{"footnotes":""},"categories":[62,120,3],"tags":[155,280,34,277,27,278,279],"class_list":["post-628","post","type-post","status-publish","format-standard","has-post-thumbnail","hentry","category-analog","category-rok-2008","category-tramwaj","tag-105na","tag-2008-08-26","tag-architektura","tag-gop","tag-polska","tag-sosnowiec","tag-tramwaje-slaskie"],"_links":{"self":[{"href":"http:\/\/wgphoto.pl\/t\/index.php?rest_route=\/wp\/v2\/posts\/628","targetHints":{"allow":["GET"]}}],"collection":[{"href":"http:\/\/wgphoto.pl\/t\/index.php?rest_route=\/wp\/v2\/posts"}],"about":[{"href":"http:\/\/wgphoto.pl\/t\/index.php?rest_route=\/wp\/v2\/types\/post"}],"author":[{"embeddable":true,"href":"http:\/\/wgphoto.pl\/t\/index.php?rest_route=\/wp\/v2\/users\/1"}],"replies":[{"embeddable":true,"href":"http:\/\/wgphoto.pl\/t\/index.php?rest_route=%2Fwp%2Fv2%2Fcomments&post=628"}],"version-history":[{"count":1,"href":"http:\/\/wgphoto.pl\/t\/index.php?rest_route=\/wp\/v2\/posts\/628\/revisions"}],"predecessor-version":[{"id":630,"href":"http:\/\/wgphoto.pl\/t\/index.php?rest_route=\/wp\/v2\/posts\/628\/revisions\/630"}],"wp:featuredmedia":[{"embeddable":true,"href":"http:\/\/wgphoto.pl\/t\/index.php?rest_route=\/wp\/v2\/media\/629"}],"wp:attachment":[{"href":"http:\/\/wgphoto.pl\/t\/index.php?rest_route=%2Fwp%2Fv2%2Fmedia&parent=628"}],"wp:term":[{"taxonomy":"category","embeddable":true,"href":"http:\/\/wgphoto.pl\/t\/index.php?rest_route=%2Fwp%2Fv2%2Fcategories&post=628"},{"taxonomy":"post_tag","embeddable":true,"href":"http:\/\/wgphoto.pl\/t\/index.php?rest_route=%2Fwp%2Fv2%2Ftags&post=628"}],"curies":[{"name":"wp","href":"https:\/\/api.w.org\/{rel}","templated":true}]}}