{"id":631,"date":"2024-09-30T18:29:48","date_gmt":"2024-09-30T16:29:48","guid":{"rendered":"https:\/\/wgphoto.pl\/t\/?p=631"},"modified":"2024-09-30T18:29:48","modified_gmt":"2024-09-30T16:29:48","slug":"z-wysokosci","status":"publish","type":"post","link":"http:\/\/wgphoto.pl\/t\/?p=631","title":{"rendered":"Z wysoko\u015bci"},"content":{"rendered":"\n<figure class=\"wp-block-image aligncenter size-full\"><img loading=\"lazy\" decoding=\"async\" width=\"750\" height=\"1000\" src=\"https:\/\/wgphoto.pl\/t\/wp-content\/uploads\/2024\/09\/0811-33.jpg\" alt=\"\" class=\"wp-image-632\" srcset=\"http:\/\/wgphoto.pl\/t\/wp-content\/uploads\/2024\/09\/0811-33.jpg 750w, http:\/\/wgphoto.pl\/t\/wp-content\/uploads\/2024\/09\/0811-33-225x300.jpg 225w\" sizes=\"auto, (max-width: 750px) 100vw, 750px\" \/><\/figure>\n\n\n\n<div class=\"wp-block-group has-global-padding is-layout-constrained wp-block-group-is-layout-constrained\">\n<p>Sosnowiec, ul. Majora Henryka Dobrza\u0144skiego-Hubala. Spodoba\u0142 mi si\u0119 motyw z tramwajem fotografowanym z g\u00f3ry podczas gdy sta\u0142em na poziomie toru. 26.08.2008<\/p>\n<\/div>\n","protected":false},"excerpt":{"rendered":"<p>Sosnowiec, ul. Majora Henryka Dobrza\u0144skiego-Hubala. Spodoba\u0142 mi si\u0119 motyw z tramwajem fotografowanym z g\u00f3ry podczas gdy sta\u0142em na poziomie toru. 26.08.2008<\/p>\n","protected":false},"author":1,"featured_media":632,"comment_status":"open","ping_status":"","sticky":false,"template":"","format":"standard","meta":{"footnotes":""},"categories":[62,120,3],"tags":[155,280,277,32,118,27,278,279],"class_list":["post-631","post","type-post","status-publish","format-standard","has-post-thumbnail","hentry","category-analog","category-rok-2008","category-tramwaj","tag-105na","tag-2008-08-26","tag-gop","tag-pionowe","tag-plany-i-profile","tag-polska","tag-sosnowiec","tag-tramwaje-slaskie"],"_links":{"self":[{"href":"http:\/\/wgphoto.pl\/t\/index.php?rest_route=\/wp\/v2\/posts\/631","targetHints":{"allow":["GET"]}}],"collection":[{"href":"http:\/\/wgphoto.pl\/t\/index.php?rest_route=\/wp\/v2\/posts"}],"about":[{"href":"http:\/\/wgphoto.pl\/t\/index.php?rest_route=\/wp\/v2\/types\/post"}],"author":[{"embeddable":true,"href":"http:\/\/wgphoto.pl\/t\/index.php?rest_route=\/wp\/v2\/users\/1"}],"replies":[{"embeddable":true,"href":"http:\/\/wgphoto.pl\/t\/index.php?rest_route=%2Fwp%2Fv2%2Fcomments&post=631"}],"version-history":[{"count":1,"href":"http:\/\/wgphoto.pl\/t\/index.php?rest_route=\/wp\/v2\/posts\/631\/revisions"}],"predecessor-version":[{"id":633,"href":"http:\/\/wgphoto.pl\/t\/index.php?rest_route=\/wp\/v2\/posts\/631\/revisions\/633"}],"wp:featuredmedia":[{"embeddable":true,"href":"http:\/\/wgphoto.pl\/t\/index.php?rest_route=\/wp\/v2\/media\/632"}],"wp:attachment":[{"href":"http:\/\/wgphoto.pl\/t\/index.php?rest_route=%2Fwp%2Fv2%2Fmedia&parent=631"}],"wp:term":[{"taxonomy":"category","embeddable":true,"href":"http:\/\/wgphoto.pl\/t\/index.php?rest_route=%2Fwp%2Fv2%2Fcategories&post=631"},{"taxonomy":"post_tag","embeddable":true,"href":"http:\/\/wgphoto.pl\/t\/index.php?rest_route=%2Fwp%2Fv2%2Ftags&post=631"}],"curies":[{"name":"wp","href":"https:\/\/api.w.org\/{rel}","templated":true}]}}