{"id":6319,"date":"2024-11-22T15:17:18","date_gmt":"2024-11-22T14:17:18","guid":{"rendered":"https:\/\/wgphoto.pl\/t\/?p=6319"},"modified":"2024-11-22T15:17:18","modified_gmt":"2024-11-22T14:17:18","slug":"mala-rumunia","status":"publish","type":"post","link":"http:\/\/wgphoto.pl\/t\/?p=6319","title":{"rendered":"Ma\u0142a Rumunia"},"content":{"rendered":"\n<figure class=\"wp-block-image aligncenter size-full\"><img loading=\"lazy\" decoding=\"async\" width=\"1300\" height=\"846\" src=\"https:\/\/wgphoto.pl\/t\/wp-content\/uploads\/2024\/11\/0326-35.jpg\" alt=\"\" class=\"wp-image-6320\" srcset=\"http:\/\/wgphoto.pl\/t\/wp-content\/uploads\/2024\/11\/0326-35.jpg 1300w, http:\/\/wgphoto.pl\/t\/wp-content\/uploads\/2024\/11\/0326-35-300x195.jpg 300w, http:\/\/wgphoto.pl\/t\/wp-content\/uploads\/2024\/11\/0326-35-768x500.jpg 768w\" sizes=\"auto, (max-width: 1300px) 100vw, 1300px\" \/><\/figure>\n\n\n\n<div class=\"wp-block-group has-global-padding is-layout-constrained wp-block-group-is-layout-constrained\">\n<p>Stacja Zag\u00f3rz w wakacyjne przedpo\u0142udnie. ST43-97 pojedzie z pospieszn\u0105 &#8222;Solin\u0105&#8221; do Warszawy Wschodniej, a SP32-107 poprowadzi d\u0142ugi sk\u0142ad poci\u0105gu &#8222;Bieszczady&#8221; do Gliwic. Krajobraz i infrastruktura na tym zdj\u0119ciu, nie m\u00f3wi\u0105c ju\u017c o maszynach, przypomina mi Rumuni\u0119, kt\u00f3ra jeszcze wiele lat po wykonaniu tego zdj\u0119cia by\u0142a mi zupe\u0142nie nieznanym krajem. Dzi\u015b jednak takie skojarzenie samo si\u0119 nasuwa. 28.07.2003<\/p>\n<\/div>\n","protected":false},"excerpt":{"rendered":"<p>Stacja Zag\u00f3rz w wakacyjne przedpo\u0142udnie. ST43-97 pojedzie z pospieszn\u0105 &#8222;Solin\u0105&#8221; do Warszawy Wschodniej, a SP32-107 poprowadzi d\u0142ugi sk\u0142ad poci\u0105gu &#8222;Bieszczady&#8221; do Gliwic. Krajobraz i infrastruktura na tym zdj\u0119ciu, nie m\u00f3wi\u0105c ju\u017c o maszynach, przypomina mi Rumuni\u0119, kt\u00f3ra jeszcze wiele lat po wykonaniu tego zdj\u0119cia by\u0142a mi zupe\u0142nie nieznanym krajem. Dzi\u015b jednak takie skojarzenie samo si\u0119 [&hellip;]<\/p>\n","protected":false},"author":1,"featured_media":6320,"comment_status":"open","ping_status":"","sticky":false,"template":"","format":"standard","meta":{"footnotes":""},"categories":[62,2,149],"tags":[632,114,151,24,63,27,385,64,471,630],"class_list":["post-6319","post","type-post","status-publish","format-standard","has-post-thumbnail","hentry","category-analog","category-kolej","category-rok-2003","tag-2003-07-28","tag-gory","tag-ludzie","tag-perony","tag-pkp","tag-polska","tag-sp32","tag-st43","tag-tab-pl131","tag-zagorz"],"_links":{"self":[{"href":"http:\/\/wgphoto.pl\/t\/index.php?rest_route=\/wp\/v2\/posts\/6319","targetHints":{"allow":["GET"]}}],"collection":[{"href":"http:\/\/wgphoto.pl\/t\/index.php?rest_route=\/wp\/v2\/posts"}],"about":[{"href":"http:\/\/wgphoto.pl\/t\/index.php?rest_route=\/wp\/v2\/types\/post"}],"author":[{"embeddable":true,"href":"http:\/\/wgphoto.pl\/t\/index.php?rest_route=\/wp\/v2\/users\/1"}],"replies":[{"embeddable":true,"href":"http:\/\/wgphoto.pl\/t\/index.php?rest_route=%2Fwp%2Fv2%2Fcomments&post=6319"}],"version-history":[{"count":1,"href":"http:\/\/wgphoto.pl\/t\/index.php?rest_route=\/wp\/v2\/posts\/6319\/revisions"}],"predecessor-version":[{"id":6321,"href":"http:\/\/wgphoto.pl\/t\/index.php?rest_route=\/wp\/v2\/posts\/6319\/revisions\/6321"}],"wp:featuredmedia":[{"embeddable":true,"href":"http:\/\/wgphoto.pl\/t\/index.php?rest_route=\/wp\/v2\/media\/6320"}],"wp:attachment":[{"href":"http:\/\/wgphoto.pl\/t\/index.php?rest_route=%2Fwp%2Fv2%2Fmedia&parent=6319"}],"wp:term":[{"taxonomy":"category","embeddable":true,"href":"http:\/\/wgphoto.pl\/t\/index.php?rest_route=%2Fwp%2Fv2%2Fcategories&post=6319"},{"taxonomy":"post_tag","embeddable":true,"href":"http:\/\/wgphoto.pl\/t\/index.php?rest_route=%2Fwp%2Fv2%2Ftags&post=6319"}],"curies":[{"name":"wp","href":"https:\/\/api.w.org\/{rel}","templated":true}]}}