{"id":6331,"date":"2024-11-22T15:23:02","date_gmt":"2024-11-22T14:23:02","guid":{"rendered":"https:\/\/wgphoto.pl\/t\/?p=6331"},"modified":"2025-06-15T11:38:49","modified_gmt":"2025-06-15T09:38:49","slug":"zima-w-pelni","status":"publish","type":"post","link":"http:\/\/wgphoto.pl\/t\/?p=6331","title":{"rendered":"Zima w pe\u0142ni"},"content":{"rendered":"\n<figure class=\"wp-block-image aligncenter size-full\"><img loading=\"lazy\" decoding=\"async\" width=\"750\" height=\"1000\" src=\"https:\/\/wgphoto.pl\/t\/wp-content\/uploads\/2024\/11\/0534-09.jpg\" alt=\"\" class=\"wp-image-6332\" srcset=\"http:\/\/wgphoto.pl\/t\/wp-content\/uploads\/2024\/11\/0534-09.jpg 750w, http:\/\/wgphoto.pl\/t\/wp-content\/uploads\/2024\/11\/0534-09-225x300.jpg 225w\" sizes=\"auto, (max-width: 750px) 100vw, 750px\" \/><\/figure>\n\n\n\n<div class=\"wp-block-group has-global-padding is-layout-constrained wp-block-group-is-layout-constrained\">\n<p>EN57-063 jako poci\u0105g osobowy 334 do Katowic przed chwil\u0105 odjecha\u0142 z pocz\u0105tkowej stacji w Wi\u015ble-G\u0142\u0119bcach. \u015aniegu by\u0142o ju\u017c mn\u00f3stwo, a ko\u0144ca opad\u00f3w nie wida\u0107. 30.12.2005<\/p>\n<\/div>\n","protected":false},"excerpt":{"rendered":"<p>EN57-063 jako poci\u0105g osobowy 334 do Katowic przed chwil\u0105 odjecha\u0142 z pocz\u0105tkowej stacji w Wi\u015ble-G\u0142\u0119bcach. \u015aniegu by\u0142o ju\u017c mn\u00f3stwo, a ko\u0144ca opad\u00f3w nie wida\u0107. 30.12.2005<\/p>\n","protected":false},"author":1,"featured_media":6332,"comment_status":"open","ping_status":"","sticky":false,"template":"","format":"standard","meta":{"footnotes":""},"categories":[62,2,128,311],"tags":[2348,132,63,27,44,2347,2533],"class_list":["post-6331","post","type-post","status-publish","format-standard","has-post-thumbnail","hentry","category-analog","category-kolej","category-pionowe","category-rok-2005","tag-2005-12-30","tag-en57","tag-pkp","tag-polska","tag-snieg","tag-tab-pl146","tag-wisla-glebce-2"],"_links":{"self":[{"href":"http:\/\/wgphoto.pl\/t\/index.php?rest_route=\/wp\/v2\/posts\/6331","targetHints":{"allow":["GET"]}}],"collection":[{"href":"http:\/\/wgphoto.pl\/t\/index.php?rest_route=\/wp\/v2\/posts"}],"about":[{"href":"http:\/\/wgphoto.pl\/t\/index.php?rest_route=\/wp\/v2\/types\/post"}],"author":[{"embeddable":true,"href":"http:\/\/wgphoto.pl\/t\/index.php?rest_route=\/wp\/v2\/users\/1"}],"replies":[{"embeddable":true,"href":"http:\/\/wgphoto.pl\/t\/index.php?rest_route=%2Fwp%2Fv2%2Fcomments&post=6331"}],"version-history":[{"count":1,"href":"http:\/\/wgphoto.pl\/t\/index.php?rest_route=\/wp\/v2\/posts\/6331\/revisions"}],"predecessor-version":[{"id":6333,"href":"http:\/\/wgphoto.pl\/t\/index.php?rest_route=\/wp\/v2\/posts\/6331\/revisions\/6333"}],"wp:featuredmedia":[{"embeddable":true,"href":"http:\/\/wgphoto.pl\/t\/index.php?rest_route=\/wp\/v2\/media\/6332"}],"wp:attachment":[{"href":"http:\/\/wgphoto.pl\/t\/index.php?rest_route=%2Fwp%2Fv2%2Fmedia&parent=6331"}],"wp:term":[{"taxonomy":"category","embeddable":true,"href":"http:\/\/wgphoto.pl\/t\/index.php?rest_route=%2Fwp%2Fv2%2Fcategories&post=6331"},{"taxonomy":"post_tag","embeddable":true,"href":"http:\/\/wgphoto.pl\/t\/index.php?rest_route=%2Fwp%2Fv2%2Ftags&post=6331"}],"curies":[{"name":"wp","href":"https:\/\/api.w.org\/{rel}","templated":true}]}}