{"id":6356,"date":"2024-11-22T15:31:47","date_gmt":"2024-11-22T14:31:47","guid":{"rendered":"https:\/\/wgphoto.pl\/t\/?p=6356"},"modified":"2024-11-22T15:31:47","modified_gmt":"2024-11-22T14:31:47","slug":"su42-537-nowogrodziec","status":"publish","type":"post","link":"http:\/\/wgphoto.pl\/t\/?p=6356","title":{"rendered":"SU42-537, Nowogrodziec"},"content":{"rendered":"\n<figure class=\"wp-block-image aligncenter size-full\"><img loading=\"lazy\" decoding=\"async\" width=\"1300\" height=\"867\" src=\"https:\/\/wgphoto.pl\/t\/wp-content\/uploads\/2024\/11\/0738-01.jpg\" alt=\"\" class=\"wp-image-6357\" srcset=\"http:\/\/wgphoto.pl\/t\/wp-content\/uploads\/2024\/11\/0738-01.jpg 1300w, http:\/\/wgphoto.pl\/t\/wp-content\/uploads\/2024\/11\/0738-01-300x200.jpg 300w, http:\/\/wgphoto.pl\/t\/wp-content\/uploads\/2024\/11\/0738-01-768x512.jpg 768w\" sizes=\"auto, (max-width: 1300px) 100vw, 1300px\" \/><\/figure>\n\n\n\n<div class=\"wp-block-group has-global-padding is-layout-constrained wp-block-group-is-layout-constrained\">\n<p>Pierwszy od niemal 12 lat planowy poci\u0105g pasa\u017cerski na odcinku Zebrzydowa &#8211; Lw\u00f3wek \u015al. (kurs 22442 z Legnicy do Jeleniej G\u00f3ry) wje\u017cd\u017ca do Nowogrod\u017aca. Na pok\u0142adzie jedynej bonanzy musia\u0142a panowa\u0107 gor\u0105ca atmosfera, skoro pasa\u017cerowie tak licznie postanowili och\u0142odzi\u0107 si\u0119 rze\u015bkim powietrzem poranka. 09.12.2007<\/p>\n<\/div>\n","protected":false},"excerpt":{"rendered":"<p>Pierwszy od niemal 12 lat planowy poci\u0105g pasa\u017cerski na odcinku Zebrzydowa &#8211; Lw\u00f3wek \u015al. (kurs 22442 z Legnicy do Jeleniej G\u00f3ry) wje\u017cd\u017ca do Nowogrod\u017aca. Na pok\u0142adzie jedynej bonanzy musia\u0142a panowa\u0107 gor\u0105ca atmosfera, skoro pasa\u017cerowie tak licznie postanowili och\u0142odzi\u0107 si\u0119 rze\u015bkim powietrzem poranka. 09.12.2007<\/p>\n","protected":false},"author":1,"featured_media":6357,"comment_status":"open","ping_status":"","sticky":false,"template":"","format":"standard","meta":{"footnotes":""},"categories":[62,2,96],"tags":[2355,162,2354,63,27,176,250,53,363],"class_list":["post-6356","post","type-post","status-publish","format-standard","has-post-thumbnail","hentry","category-analog","category-kolej","category-rok-2007","tag-2007-12-09","tag-niebo","tag-nowogrodziec","tag-pkp","tag-polska","tag-rano","tag-su42","tag-sygnalizacja-ksztaltowa","tag-tab-pl250"],"_links":{"self":[{"href":"http:\/\/wgphoto.pl\/t\/index.php?rest_route=\/wp\/v2\/posts\/6356","targetHints":{"allow":["GET"]}}],"collection":[{"href":"http:\/\/wgphoto.pl\/t\/index.php?rest_route=\/wp\/v2\/posts"}],"about":[{"href":"http:\/\/wgphoto.pl\/t\/index.php?rest_route=\/wp\/v2\/types\/post"}],"author":[{"embeddable":true,"href":"http:\/\/wgphoto.pl\/t\/index.php?rest_route=\/wp\/v2\/users\/1"}],"replies":[{"embeddable":true,"href":"http:\/\/wgphoto.pl\/t\/index.php?rest_route=%2Fwp%2Fv2%2Fcomments&post=6356"}],"version-history":[{"count":1,"href":"http:\/\/wgphoto.pl\/t\/index.php?rest_route=\/wp\/v2\/posts\/6356\/revisions"}],"predecessor-version":[{"id":6358,"href":"http:\/\/wgphoto.pl\/t\/index.php?rest_route=\/wp\/v2\/posts\/6356\/revisions\/6358"}],"wp:featuredmedia":[{"embeddable":true,"href":"http:\/\/wgphoto.pl\/t\/index.php?rest_route=\/wp\/v2\/media\/6357"}],"wp:attachment":[{"href":"http:\/\/wgphoto.pl\/t\/index.php?rest_route=%2Fwp%2Fv2%2Fmedia&parent=6356"}],"wp:term":[{"taxonomy":"category","embeddable":true,"href":"http:\/\/wgphoto.pl\/t\/index.php?rest_route=%2Fwp%2Fv2%2Fcategories&post=6356"},{"taxonomy":"post_tag","embeddable":true,"href":"http:\/\/wgphoto.pl\/t\/index.php?rest_route=%2Fwp%2Fv2%2Ftags&post=6356"}],"curies":[{"name":"wp","href":"https:\/\/api.w.org\/{rel}","templated":true}]}}