{"id":6373,"date":"2024-11-22T15:38:58","date_gmt":"2024-11-22T14:38:58","guid":{"rendered":"https:\/\/wgphoto.pl\/t\/?p=6373"},"modified":"2024-11-22T15:38:58","modified_gmt":"2024-11-22T14:38:58","slug":"integracja-i-wspolpraca","status":"publish","type":"post","link":"http:\/\/wgphoto.pl\/t\/?p=6373","title":{"rendered":"Integracja i wsp\u00f3\u0142praca"},"content":{"rendered":"\n<figure class=\"wp-block-image aligncenter size-full\"><img loading=\"lazy\" decoding=\"async\" width=\"1300\" height=\"861\" src=\"http:\/\/wgphoto.pl\/t\/wp-content\/uploads\/2024\/11\/IMGP8484.jpg\" alt=\"\" class=\"wp-image-6374\"\/><\/figure>\n\n\n\n<div class=\"wp-block-group has-global-padding is-layout-constrained wp-block-group-is-layout-constrained\">\n<p>Poci\u0105g regionalny do Arosy za par\u0119 minut odjedzie z peronu zlokalizowanego niemal na ulicy, przed budynkiem dworca kolejowego w Chur. Widz\u0105c przy peronach poci\u0105gi i autobusy, dost\u0119pne na wyci\u0105gni\u0119cie r\u0119ki, mo\u017cna sobie wyobrazi\u0107 dost\u0119pno\u015b\u0107 i wygod\u0119 transportu publicznego w Szwajcarii. 27.03.2018<\/p>\n<\/div>\n","protected":false},"excerpt":{"rendered":"<p>Poci\u0105g regionalny do Arosy za par\u0119 minut odjedzie z peronu zlokalizowanego niemal na ulicy, przed budynkiem dworca kolejowego w Chur. Widz\u0105c przy peronach poci\u0105gi i autobusy, dost\u0119pne na wyci\u0105gni\u0119cie r\u0119ki, mo\u017cna sobie wyobrazi\u0107 dost\u0119pno\u015b\u0107 i wygod\u0119 transportu publicznego w Szwajcarii. 27.03.2018<\/p>\n","protected":false},"author":1,"featured_media":6374,"comment_status":"open","ping_status":"","sticky":false,"template":"","format":"standard","meta":{"footnotes":""},"categories":[2,156],"tags":[545,898,2357,13,737,380,735,183,186],"class_list":["post-6373","post","type-post","status-publish","format-standard","has-post-thumbnail","hentry","category-kolej","category-rok-2018","tag-2018-03-27","tag-autobus","tag-chur","tag-deszcz","tag-rhatische-bahn","tag-spod-dworca","tag-stadler-allegra","tag-suissetrip-2018","tag-szwajcaria"],"_links":{"self":[{"href":"http:\/\/wgphoto.pl\/t\/index.php?rest_route=\/wp\/v2\/posts\/6373","targetHints":{"allow":["GET"]}}],"collection":[{"href":"http:\/\/wgphoto.pl\/t\/index.php?rest_route=\/wp\/v2\/posts"}],"about":[{"href":"http:\/\/wgphoto.pl\/t\/index.php?rest_route=\/wp\/v2\/types\/post"}],"author":[{"embeddable":true,"href":"http:\/\/wgphoto.pl\/t\/index.php?rest_route=\/wp\/v2\/users\/1"}],"replies":[{"embeddable":true,"href":"http:\/\/wgphoto.pl\/t\/index.php?rest_route=%2Fwp%2Fv2%2Fcomments&post=6373"}],"version-history":[{"count":1,"href":"http:\/\/wgphoto.pl\/t\/index.php?rest_route=\/wp\/v2\/posts\/6373\/revisions"}],"predecessor-version":[{"id":6375,"href":"http:\/\/wgphoto.pl\/t\/index.php?rest_route=\/wp\/v2\/posts\/6373\/revisions\/6375"}],"wp:featuredmedia":[{"embeddable":true,"href":"http:\/\/wgphoto.pl\/t\/index.php?rest_route=\/wp\/v2\/media\/6374"}],"wp:attachment":[{"href":"http:\/\/wgphoto.pl\/t\/index.php?rest_route=%2Fwp%2Fv2%2Fmedia&parent=6373"}],"wp:term":[{"taxonomy":"category","embeddable":true,"href":"http:\/\/wgphoto.pl\/t\/index.php?rest_route=%2Fwp%2Fv2%2Fcategories&post=6373"},{"taxonomy":"post_tag","embeddable":true,"href":"http:\/\/wgphoto.pl\/t\/index.php?rest_route=%2Fwp%2Fv2%2Ftags&post=6373"}],"curies":[{"name":"wp","href":"https:\/\/api.w.org\/{rel}","templated":true}]}}