{"id":6385,"date":"2024-11-22T19:22:25","date_gmt":"2024-11-22T18:22:25","guid":{"rendered":"https:\/\/wgphoto.pl\/t\/?p=6385"},"modified":"2024-11-22T19:22:25","modified_gmt":"2024-11-22T18:22:25","slug":"wiedeniec-na-gornym-slasku","status":"publish","type":"post","link":"http:\/\/wgphoto.pl\/t\/?p=6385","title":{"rendered":"Wiedeniec na G\u00f3rnym \u015al\u0105sku"},"content":{"rendered":"\n<figure class=\"wp-block-image aligncenter size-full\"><img loading=\"lazy\" decoding=\"async\" width=\"1300\" height=\"861\" src=\"https:\/\/wgphoto.pl\/t\/wp-content\/uploads\/2024\/11\/IMGP9961.jpg\" alt=\"\" class=\"wp-image-6386\" srcset=\"http:\/\/wgphoto.pl\/t\/wp-content\/uploads\/2024\/11\/IMGP9961.jpg 1300w, http:\/\/wgphoto.pl\/t\/wp-content\/uploads\/2024\/11\/IMGP9961-300x199.jpg 300w, http:\/\/wgphoto.pl\/t\/wp-content\/uploads\/2024\/11\/IMGP9961-768x509.jpg 768w\" sizes=\"auto, (max-width: 1300px) 100vw, 1300px\" \/><\/figure>\n\n\n\n<div class=\"wp-block-group has-global-padding is-layout-constrained wp-block-group-is-layout-constrained\">\n<p>Zabrze, ul. Wolno\u015bci. Wagon E1 945 wje\u017cd\u017ca o poranku do centrum Zabrza. Jak si\u0119 okazuje, jest to pierwsze tutaj foto ex-wiede\u0144skiego tramwaju na g\u00f3rno\u015bl\u0105skich torach. I raczej ostatnie (chyba \u017ce co\u015b jeszcze znajd\u0119 w archiwum), gdy\u017c jutro, po 10 latach eksploatacji, ostatnie egzemplarze tej serii maj\u0105 zosta\u0107 wycofane z ruchu. 15.07.2018<\/p>\n<\/div>\n","protected":false},"excerpt":{"rendered":"<p>Zabrze, ul. Wolno\u015bci. Wagon E1 945 wje\u017cd\u017ca o poranku do centrum Zabrza. Jak si\u0119 okazuje, jest to pierwsze tutaj foto ex-wiede\u0144skiego tramwaju na g\u00f3rno\u015bl\u0105skich torach. I raczej ostatnie (chyba \u017ce co\u015b jeszcze znajd\u0119 w archiwum), gdy\u017c jutro, po 10 latach eksploatacji, ostatnie egzemplarze tej serii maj\u0105 zosta\u0107 wycofane z ruchu. 15.07.2018<\/p>\n","protected":false},"author":1,"featured_media":6386,"comment_status":"open","ping_status":"","sticky":false,"template":"","format":"standard","meta":{"footnotes":""},"categories":[156,3],"tags":[2359,102,494,277,101,27,279,1021],"class_list":["post-6385","post","type-post","status-publish","format-standard","has-post-thumbnail","hentry","category-rok-2018","category-tramwaj","tag-2018-07-15","tag-e1","tag-flaga","tag-gop","tag-gt6","tag-polska","tag-tramwaje-slaskie","tag-zabrze"],"_links":{"self":[{"href":"http:\/\/wgphoto.pl\/t\/index.php?rest_route=\/wp\/v2\/posts\/6385","targetHints":{"allow":["GET"]}}],"collection":[{"href":"http:\/\/wgphoto.pl\/t\/index.php?rest_route=\/wp\/v2\/posts"}],"about":[{"href":"http:\/\/wgphoto.pl\/t\/index.php?rest_route=\/wp\/v2\/types\/post"}],"author":[{"embeddable":true,"href":"http:\/\/wgphoto.pl\/t\/index.php?rest_route=\/wp\/v2\/users\/1"}],"replies":[{"embeddable":true,"href":"http:\/\/wgphoto.pl\/t\/index.php?rest_route=%2Fwp%2Fv2%2Fcomments&post=6385"}],"version-history":[{"count":1,"href":"http:\/\/wgphoto.pl\/t\/index.php?rest_route=\/wp\/v2\/posts\/6385\/revisions"}],"predecessor-version":[{"id":6387,"href":"http:\/\/wgphoto.pl\/t\/index.php?rest_route=\/wp\/v2\/posts\/6385\/revisions\/6387"}],"wp:featuredmedia":[{"embeddable":true,"href":"http:\/\/wgphoto.pl\/t\/index.php?rest_route=\/wp\/v2\/media\/6386"}],"wp:attachment":[{"href":"http:\/\/wgphoto.pl\/t\/index.php?rest_route=%2Fwp%2Fv2%2Fmedia&parent=6385"}],"wp:term":[{"taxonomy":"category","embeddable":true,"href":"http:\/\/wgphoto.pl\/t\/index.php?rest_route=%2Fwp%2Fv2%2Fcategories&post=6385"},{"taxonomy":"post_tag","embeddable":true,"href":"http:\/\/wgphoto.pl\/t\/index.php?rest_route=%2Fwp%2Fv2%2Ftags&post=6385"}],"curies":[{"name":"wp","href":"https:\/\/api.w.org\/{rel}","templated":true}]}}