{"id":6397,"date":"2024-11-22T19:26:37","date_gmt":"2024-11-22T18:26:37","guid":{"rendered":"https:\/\/wgphoto.pl\/t\/?p=6397"},"modified":"2024-11-22T19:26:37","modified_gmt":"2024-11-22T18:26:37","slug":"osiedle-piastow-zasypia","status":"publish","type":"post","link":"http:\/\/wgphoto.pl\/t\/?p=6397","title":{"rendered":"Osiedle Piast\u00f3w zasypia"},"content":{"rendered":"\n<figure class=\"wp-block-image aligncenter size-full\"><img loading=\"lazy\" decoding=\"async\" width=\"1300\" height=\"861\" src=\"https:\/\/wgphoto.pl\/t\/wp-content\/uploads\/2024\/11\/IMGP7054.jpg\" alt=\"\" class=\"wp-image-6398\" srcset=\"http:\/\/wgphoto.pl\/t\/wp-content\/uploads\/2024\/11\/IMGP7054.jpg 1300w, http:\/\/wgphoto.pl\/t\/wp-content\/uploads\/2024\/11\/IMGP7054-300x199.jpg 300w, http:\/\/wgphoto.pl\/t\/wp-content\/uploads\/2024\/11\/IMGP7054-768x509.jpg 768w\" sizes=\"auto, (max-width: 1300px) 100vw, 1300px\" \/><\/figure>\n\n\n\n<div class=\"wp-block-group has-global-padding is-layout-constrained wp-block-group-is-layout-constrained\">\n<p>Krak\u00f3w, p\u0119tla Os. Piast\u00f3w, <em>wiedeniec<\/em> HW171 i <em>Krakowiak<\/em> HG917. 21.12.2019<\/p>\n<\/div>\n","protected":false},"excerpt":{"rendered":"<p>Krak\u00f3w, p\u0119tla Os. Piast\u00f3w, wiedeniec HW171 i Krakowiak HG917. 21.12.2019<\/p>\n","protected":false},"author":1,"featured_media":6398,"comment_status":"open","ping_status":"","sticky":false,"template":"","format":"standard","meta":{"footnotes":""},"categories":[136,3],"tags":[1654,13,102,101,664,663,154,1207,27],"class_list":["post-6397","post","type-post","status-publish","format-standard","has-post-thumbnail","hentry","category-rok-2019","category-tramwaj","tag-2019-12-21","tag-deszcz","tag-e1","tag-gt6","tag-krakow","tag-mpk-krakow","tag-noc","tag-pesa-twist","tag-polska"],"_links":{"self":[{"href":"http:\/\/wgphoto.pl\/t\/index.php?rest_route=\/wp\/v2\/posts\/6397","targetHints":{"allow":["GET"]}}],"collection":[{"href":"http:\/\/wgphoto.pl\/t\/index.php?rest_route=\/wp\/v2\/posts"}],"about":[{"href":"http:\/\/wgphoto.pl\/t\/index.php?rest_route=\/wp\/v2\/types\/post"}],"author":[{"embeddable":true,"href":"http:\/\/wgphoto.pl\/t\/index.php?rest_route=\/wp\/v2\/users\/1"}],"replies":[{"embeddable":true,"href":"http:\/\/wgphoto.pl\/t\/index.php?rest_route=%2Fwp%2Fv2%2Fcomments&post=6397"}],"version-history":[{"count":1,"href":"http:\/\/wgphoto.pl\/t\/index.php?rest_route=\/wp\/v2\/posts\/6397\/revisions"}],"predecessor-version":[{"id":6399,"href":"http:\/\/wgphoto.pl\/t\/index.php?rest_route=\/wp\/v2\/posts\/6397\/revisions\/6399"}],"wp:featuredmedia":[{"embeddable":true,"href":"http:\/\/wgphoto.pl\/t\/index.php?rest_route=\/wp\/v2\/media\/6398"}],"wp:attachment":[{"href":"http:\/\/wgphoto.pl\/t\/index.php?rest_route=%2Fwp%2Fv2%2Fmedia&parent=6397"}],"wp:term":[{"taxonomy":"category","embeddable":true,"href":"http:\/\/wgphoto.pl\/t\/index.php?rest_route=%2Fwp%2Fv2%2Fcategories&post=6397"},{"taxonomy":"post_tag","embeddable":true,"href":"http:\/\/wgphoto.pl\/t\/index.php?rest_route=%2Fwp%2Fv2%2Ftags&post=6397"}],"curies":[{"name":"wp","href":"https:\/\/api.w.org\/{rel}","templated":true}]}}