{"id":6443,"date":"2024-11-22T20:54:06","date_gmt":"2024-11-22T19:54:06","guid":{"rendered":"https:\/\/wgphoto.pl\/t\/?p=6443"},"modified":"2024-11-22T20:54:06","modified_gmt":"2024-11-22T19:54:06","slug":"mechanika","status":"publish","type":"post","link":"http:\/\/wgphoto.pl\/t\/?p=6443","title":{"rendered":"Mechanika"},"content":{"rendered":"\n<figure class=\"wp-block-image aligncenter size-full\"><img loading=\"lazy\" decoding=\"async\" width=\"1200\" height=\"900\" src=\"https:\/\/wgphoto.pl\/t\/wp-content\/uploads\/2024\/11\/DSCF8418.jpg\" alt=\"\" class=\"wp-image-6444\" srcset=\"http:\/\/wgphoto.pl\/t\/wp-content\/uploads\/2024\/11\/DSCF8418.jpg 1200w, http:\/\/wgphoto.pl\/t\/wp-content\/uploads\/2024\/11\/DSCF8418-300x225.jpg 300w, http:\/\/wgphoto.pl\/t\/wp-content\/uploads\/2024\/11\/DSCF8418-768x576.jpg 768w\" sizes=\"auto, (max-width: 1200px) 100vw, 1200px\" \/><\/figure>\n\n\n\n<div class=\"wp-block-group has-global-padding is-layout-constrained wp-block-group-is-layout-constrained\">\n<p>SU42-504 z poci\u0105giem osobowym 312 &#8222;Wilczek&#8221; z Kudowy-Zdroju do Wroc\u0142awia zaraz odjedzie w dalsz\u0105 drog\u0119 z Polanicy-Zdroju. 29.03.2009<\/p>\n<\/div>\n","protected":false},"excerpt":{"rendered":"<p>SU42-504 z poci\u0105giem osobowym 312 &#8222;Wilczek&#8221; z Kudowy-Zdroju do Wroc\u0142awia zaraz odjedzie w dalsz\u0105 drog\u0119 z Polanicy-Zdroju. 29.03.2009<\/p>\n","protected":false},"author":1,"featured_media":6444,"comment_status":"open","ping_status":"","sticky":false,"template":"","format":"standard","meta":{"footnotes":""},"categories":[2,169],"tags":[1575,63,1946,27,250,53,383],"class_list":["post-6443","post","type-post","status-publish","format-standard","has-post-thumbnail","hentry","category-kolej","category-rok-2009","tag-2009-03-29","tag-pkp","tag-polanica-zdroj","tag-polska","tag-su42","tag-sygnalizacja-ksztaltowa","tag-tab-pl230"],"_links":{"self":[{"href":"http:\/\/wgphoto.pl\/t\/index.php?rest_route=\/wp\/v2\/posts\/6443","targetHints":{"allow":["GET"]}}],"collection":[{"href":"http:\/\/wgphoto.pl\/t\/index.php?rest_route=\/wp\/v2\/posts"}],"about":[{"href":"http:\/\/wgphoto.pl\/t\/index.php?rest_route=\/wp\/v2\/types\/post"}],"author":[{"embeddable":true,"href":"http:\/\/wgphoto.pl\/t\/index.php?rest_route=\/wp\/v2\/users\/1"}],"replies":[{"embeddable":true,"href":"http:\/\/wgphoto.pl\/t\/index.php?rest_route=%2Fwp%2Fv2%2Fcomments&post=6443"}],"version-history":[{"count":1,"href":"http:\/\/wgphoto.pl\/t\/index.php?rest_route=\/wp\/v2\/posts\/6443\/revisions"}],"predecessor-version":[{"id":6445,"href":"http:\/\/wgphoto.pl\/t\/index.php?rest_route=\/wp\/v2\/posts\/6443\/revisions\/6445"}],"wp:featuredmedia":[{"embeddable":true,"href":"http:\/\/wgphoto.pl\/t\/index.php?rest_route=\/wp\/v2\/media\/6444"}],"wp:attachment":[{"href":"http:\/\/wgphoto.pl\/t\/index.php?rest_route=%2Fwp%2Fv2%2Fmedia&parent=6443"}],"wp:term":[{"taxonomy":"category","embeddable":true,"href":"http:\/\/wgphoto.pl\/t\/index.php?rest_route=%2Fwp%2Fv2%2Fcategories&post=6443"},{"taxonomy":"post_tag","embeddable":true,"href":"http:\/\/wgphoto.pl\/t\/index.php?rest_route=%2Fwp%2Fv2%2Ftags&post=6443"}],"curies":[{"name":"wp","href":"https:\/\/api.w.org\/{rel}","templated":true}]}}