{"id":6449,"date":"2024-11-22T20:56:20","date_gmt":"2024-11-22T19:56:20","guid":{"rendered":"https:\/\/wgphoto.pl\/t\/?p=6449"},"modified":"2024-11-22T20:56:20","modified_gmt":"2024-11-22T19:56:20","slug":"tramwajem-na-zakupy","status":"publish","type":"post","link":"http:\/\/wgphoto.pl\/t\/?p=6449","title":{"rendered":"Tramwajem na zakupy"},"content":{"rendered":"\n<figure class=\"wp-block-image aligncenter size-full\"><img loading=\"lazy\" decoding=\"async\" width=\"1300\" height=\"861\" src=\"https:\/\/wgphoto.pl\/t\/wp-content\/uploads\/2024\/11\/IMGP1694.jpg\" alt=\"\" class=\"wp-image-6450\" srcset=\"http:\/\/wgphoto.pl\/t\/wp-content\/uploads\/2024\/11\/IMGP1694.jpg 1300w, http:\/\/wgphoto.pl\/t\/wp-content\/uploads\/2024\/11\/IMGP1694-300x199.jpg 300w, http:\/\/wgphoto.pl\/t\/wp-content\/uploads\/2024\/11\/IMGP1694-768x509.jpg 768w\" sizes=\"auto, (max-width: 1300px) 100vw, 1300px\" \/><\/figure>\n\n\n\n<div class=\"wp-block-group has-global-padding is-layout-constrained wp-block-group-is-layout-constrained\">\n<p>Graz, Liebenau Murpark. Jeden z najstarszych wagon\u00f3w w mie\u015bcie, GT8 525 z 1971 roku, ex-Dusburg, skasowany w 2018, w czasie kr\u00f3tkiej przerwy na p\u0119tli pod centrum handlowym. 27.12.2013<\/p>\n<\/div>\n","protected":false},"excerpt":{"rendered":"<p>Graz, Liebenau Murpark. Jeden z najstarszych wagon\u00f3w w mie\u015bcie, GT8 525 z 1971 roku, ex-Dusburg, skasowany w 2018, w czasie kr\u00f3tkiej przerwy na p\u0119tli pod centrum handlowym. 27.12.2013<\/p>\n","protected":false},"author":1,"featured_media":6450,"comment_status":"open","ping_status":"","sticky":false,"template":"","format":"standard","meta":{"footnotes":""},"categories":[55,3],"tags":[275,9,273,238,274,395],"class_list":["post-6449","post","type-post","status-publish","format-standard","has-post-thumbnail","hentry","category-rok-2013","category-tramwaj","tag-2013-12-27","tag-austria","tag-graz","tag-gt8","tag-holding-graz-linien","tag-lustro"],"_links":{"self":[{"href":"http:\/\/wgphoto.pl\/t\/index.php?rest_route=\/wp\/v2\/posts\/6449","targetHints":{"allow":["GET"]}}],"collection":[{"href":"http:\/\/wgphoto.pl\/t\/index.php?rest_route=\/wp\/v2\/posts"}],"about":[{"href":"http:\/\/wgphoto.pl\/t\/index.php?rest_route=\/wp\/v2\/types\/post"}],"author":[{"embeddable":true,"href":"http:\/\/wgphoto.pl\/t\/index.php?rest_route=\/wp\/v2\/users\/1"}],"replies":[{"embeddable":true,"href":"http:\/\/wgphoto.pl\/t\/index.php?rest_route=%2Fwp%2Fv2%2Fcomments&post=6449"}],"version-history":[{"count":1,"href":"http:\/\/wgphoto.pl\/t\/index.php?rest_route=\/wp\/v2\/posts\/6449\/revisions"}],"predecessor-version":[{"id":6451,"href":"http:\/\/wgphoto.pl\/t\/index.php?rest_route=\/wp\/v2\/posts\/6449\/revisions\/6451"}],"wp:featuredmedia":[{"embeddable":true,"href":"http:\/\/wgphoto.pl\/t\/index.php?rest_route=\/wp\/v2\/media\/6450"}],"wp:attachment":[{"href":"http:\/\/wgphoto.pl\/t\/index.php?rest_route=%2Fwp%2Fv2%2Fmedia&parent=6449"}],"wp:term":[{"taxonomy":"category","embeddable":true,"href":"http:\/\/wgphoto.pl\/t\/index.php?rest_route=%2Fwp%2Fv2%2Fcategories&post=6449"},{"taxonomy":"post_tag","embeddable":true,"href":"http:\/\/wgphoto.pl\/t\/index.php?rest_route=%2Fwp%2Fv2%2Ftags&post=6449"}],"curies":[{"name":"wp","href":"https:\/\/api.w.org\/{rel}","templated":true}]}}