{"id":6480,"date":"2024-11-22T21:08:31","date_gmt":"2024-11-22T20:08:31","guid":{"rendered":"https:\/\/wgphoto.pl\/t\/?p=6480"},"modified":"2024-11-22T21:08:31","modified_gmt":"2024-11-22T20:08:31","slug":"bana-na-piosku","status":"publish","type":"post","link":"http:\/\/wgphoto.pl\/t\/?p=6480","title":{"rendered":"Bana na Piosku"},"content":{"rendered":"\n<figure class=\"wp-block-image aligncenter size-full\"><img loading=\"lazy\" decoding=\"async\" width=\"1300\" height=\"861\" src=\"https:\/\/wgphoto.pl\/t\/wp-content\/uploads\/2024\/11\/IMGP1861.jpg\" alt=\"\" class=\"wp-image-6481\" srcset=\"http:\/\/wgphoto.pl\/t\/wp-content\/uploads\/2024\/11\/IMGP1861.jpg 1300w, http:\/\/wgphoto.pl\/t\/wp-content\/uploads\/2024\/11\/IMGP1861-300x199.jpg 300w, http:\/\/wgphoto.pl\/t\/wp-content\/uploads\/2024\/11\/IMGP1861-768x509.jpg 768w\" sizes=\"auto, (max-width: 1300px) 100vw, 1300px\" \/><\/figure>\n\n\n\n<div class=\"wp-block-group has-global-padding is-layout-constrained wp-block-group-is-layout-constrained\">\n<p>Mys\u0142owice, ul. Bernarda \u015awierczyny. Wagon 105N-HF11AC nr 676 mija typowe g\u00f3rno\u015bl\u0105skie widoki z zabudow\u0105 mieszkaniow\u0105 dzielnicy Piasek i pozosta\u0142o\u015bciami po KWK Mys\u0142owice w roli drugoplanowej. 28.03.2021<\/p>\n<\/div>\n","protected":false},"excerpt":{"rendered":"<p>Mys\u0142owice, ul. Bernarda \u015awierczyny. Wagon 105N-HF11AC nr 676 mija typowe g\u00f3rno\u015bl\u0105skie widoki z zabudow\u0105 mieszkaniow\u0105 dzielnicy Piasek i pozosta\u0142o\u015bciami po KWK Mys\u0142owice w roli drugoplanowej. 28.03.2021<\/p>\n","protected":false},"author":1,"featured_media":6481,"comment_status":"open","ping_status":"","sticky":false,"template":"","format":"standard","meta":{"footnotes":""},"categories":[681,3],"tags":[155,2378,34,277,303,546,1638,27,279],"class_list":["post-6480","post","type-post","status-publish","format-standard","has-post-thumbnail","hentry","category-rok-2021","category-tramwaj","tag-105na","tag-2021-03-28","tag-architektura","tag-gop","tag-industrial","tag-moderus-alfa","tag-myslowice","tag-polska","tag-tramwaje-slaskie"],"_links":{"self":[{"href":"http:\/\/wgphoto.pl\/t\/index.php?rest_route=\/wp\/v2\/posts\/6480","targetHints":{"allow":["GET"]}}],"collection":[{"href":"http:\/\/wgphoto.pl\/t\/index.php?rest_route=\/wp\/v2\/posts"}],"about":[{"href":"http:\/\/wgphoto.pl\/t\/index.php?rest_route=\/wp\/v2\/types\/post"}],"author":[{"embeddable":true,"href":"http:\/\/wgphoto.pl\/t\/index.php?rest_route=\/wp\/v2\/users\/1"}],"replies":[{"embeddable":true,"href":"http:\/\/wgphoto.pl\/t\/index.php?rest_route=%2Fwp%2Fv2%2Fcomments&post=6480"}],"version-history":[{"count":1,"href":"http:\/\/wgphoto.pl\/t\/index.php?rest_route=\/wp\/v2\/posts\/6480\/revisions"}],"predecessor-version":[{"id":6482,"href":"http:\/\/wgphoto.pl\/t\/index.php?rest_route=\/wp\/v2\/posts\/6480\/revisions\/6482"}],"wp:featuredmedia":[{"embeddable":true,"href":"http:\/\/wgphoto.pl\/t\/index.php?rest_route=\/wp\/v2\/media\/6481"}],"wp:attachment":[{"href":"http:\/\/wgphoto.pl\/t\/index.php?rest_route=%2Fwp%2Fv2%2Fmedia&parent=6480"}],"wp:term":[{"taxonomy":"category","embeddable":true,"href":"http:\/\/wgphoto.pl\/t\/index.php?rest_route=%2Fwp%2Fv2%2Fcategories&post=6480"},{"taxonomy":"post_tag","embeddable":true,"href":"http:\/\/wgphoto.pl\/t\/index.php?rest_route=%2Fwp%2Fv2%2Ftags&post=6480"}],"curies":[{"name":"wp","href":"https:\/\/api.w.org\/{rel}","templated":true}]}}