{"id":6534,"date":"2024-11-24T14:44:47","date_gmt":"2024-11-24T13:44:47","guid":{"rendered":"https:\/\/wgphoto.pl\/t\/?p=6534"},"modified":"2024-11-24T14:44:47","modified_gmt":"2024-11-24T13:44:47","slug":"a-moze-1976","status":"publish","type":"post","link":"http:\/\/wgphoto.pl\/t\/?p=6534","title":{"rendered":"A mo\u017ce 1976?"},"content":{"rendered":"\n<figure class=\"wp-block-image aligncenter size-full\"><img loading=\"lazy\" decoding=\"async\" width=\"1300\" height=\"862\" src=\"https:\/\/wgphoto.pl\/t\/wp-content\/uploads\/2024\/11\/0611-25.jpg\" alt=\"\" class=\"wp-image-6535\" srcset=\"http:\/\/wgphoto.pl\/t\/wp-content\/uploads\/2024\/11\/0611-25.jpg 1300w, http:\/\/wgphoto.pl\/t\/wp-content\/uploads\/2024\/11\/0611-25-300x199.jpg 300w, http:\/\/wgphoto.pl\/t\/wp-content\/uploads\/2024\/11\/0611-25-768x509.jpg 768w\" sizes=\"auto, (max-width: 1300px) 100vw, 1300px\" \/><\/figure>\n\n\n\n<div class=\"wp-block-group has-global-padding is-layout-constrained wp-block-group-is-layout-constrained\">\n<p>Wiede\u0144, podziemny przystanek Kliebergasse. Sk\u0142ad E<sub>1<\/sub>+c<sub>3<\/sub> 4514+1237 oraz wystr\u00f3j tunelu raczej nie zdradzaj\u0105 rzeczywisto\u015bci XXI wieku Obecnie wagony je\u017cd\u017c\u0105 w Krakowie z numerami odpowiednio HW129 i HB530. 29.06.2006<\/p>\n<\/div>\n","protected":false},"excerpt":{"rendered":"<p>Wiede\u0144, podziemny przystanek Kliebergasse. Sk\u0142ad E1+c3 4514+1237 oraz wystr\u00f3j tunelu raczej nie zdradzaj\u0105 rzeczywisto\u015bci XXI wieku Obecnie wagony je\u017cd\u017c\u0105 w Krakowie z numerami odpowiednio HW129 i HB530. 29.06.2006<\/p>\n","protected":false},"author":1,"featured_media":6535,"comment_status":"open","ping_status":"","sticky":false,"template":"","format":"standard","meta":{"footnotes":""},"categories":[130,3],"tags":[2024,9,102,101,103,15,97,98],"class_list":["post-6534","post","type-post","status-publish","format-standard","has-post-thumbnail","hentry","category-rok-2006","category-tramwaj","tag-2006-06-29","tag-austria","tag-e1","tag-gt6","tag-premetro","tag-tunel","tag-wieden","tag-wiener-linien"],"_links":{"self":[{"href":"http:\/\/wgphoto.pl\/t\/index.php?rest_route=\/wp\/v2\/posts\/6534","targetHints":{"allow":["GET"]}}],"collection":[{"href":"http:\/\/wgphoto.pl\/t\/index.php?rest_route=\/wp\/v2\/posts"}],"about":[{"href":"http:\/\/wgphoto.pl\/t\/index.php?rest_route=\/wp\/v2\/types\/post"}],"author":[{"embeddable":true,"href":"http:\/\/wgphoto.pl\/t\/index.php?rest_route=\/wp\/v2\/users\/1"}],"replies":[{"embeddable":true,"href":"http:\/\/wgphoto.pl\/t\/index.php?rest_route=%2Fwp%2Fv2%2Fcomments&post=6534"}],"version-history":[{"count":1,"href":"http:\/\/wgphoto.pl\/t\/index.php?rest_route=\/wp\/v2\/posts\/6534\/revisions"}],"predecessor-version":[{"id":6536,"href":"http:\/\/wgphoto.pl\/t\/index.php?rest_route=\/wp\/v2\/posts\/6534\/revisions\/6536"}],"wp:featuredmedia":[{"embeddable":true,"href":"http:\/\/wgphoto.pl\/t\/index.php?rest_route=\/wp\/v2\/media\/6535"}],"wp:attachment":[{"href":"http:\/\/wgphoto.pl\/t\/index.php?rest_route=%2Fwp%2Fv2%2Fmedia&parent=6534"}],"wp:term":[{"taxonomy":"category","embeddable":true,"href":"http:\/\/wgphoto.pl\/t\/index.php?rest_route=%2Fwp%2Fv2%2Fcategories&post=6534"},{"taxonomy":"post_tag","embeddable":true,"href":"http:\/\/wgphoto.pl\/t\/index.php?rest_route=%2Fwp%2Fv2%2Ftags&post=6534"}],"curies":[{"name":"wp","href":"https:\/\/api.w.org\/{rel}","templated":true}]}}