{"id":6537,"date":"2024-11-24T14:45:47","date_gmt":"2024-11-24T13:45:47","guid":{"rendered":"https:\/\/wgphoto.pl\/t\/?p=6537"},"modified":"2024-11-24T14:45:47","modified_gmt":"2024-11-24T13:45:47","slug":"mijanka-na-esce","status":"publish","type":"post","link":"http:\/\/wgphoto.pl\/t\/?p=6537","title":{"rendered":"Mijanka na esce"},"content":{"rendered":"\n<figure class=\"wp-block-image aligncenter size-full\"><img loading=\"lazy\" decoding=\"async\" width=\"700\" height=\"1057\" src=\"https:\/\/wgphoto.pl\/t\/wp-content\/uploads\/2024\/11\/IMGP4101.jpg\" alt=\"\" class=\"wp-image-6538\" srcset=\"http:\/\/wgphoto.pl\/t\/wp-content\/uploads\/2024\/11\/IMGP4101.jpg 700w, http:\/\/wgphoto.pl\/t\/wp-content\/uploads\/2024\/11\/IMGP4101-199x300.jpg 199w\" sizes=\"auto, (max-width: 700px) 100vw, 700px\" \/><\/figure>\n\n\n\n<div class=\"wp-block-group has-global-padding is-layout-constrained wp-block-group-is-layout-constrained\">\n<p>Bratys\u0142awa, Jant\u00e1rov\u00e1 cesta. Niespodziewana mijanka \u0160k\u00f3d 30T nr 7502 i 7517. 23.06.2019<\/p>\n<\/div>\n","protected":false},"excerpt":{"rendered":"<p>Bratys\u0142awa, Jant\u00e1rov\u00e1 cesta. Niespodziewana mijanka \u0160k\u00f3d 30T nr 7502 i 7517. 23.06.2019<\/p>\n","protected":false},"author":1,"featured_media":6538,"comment_status":"open","ping_status":"","sticky":false,"template":"","format":"standard","meta":{"footnotes":""},"categories":[128,136,3],"tags":[903,902,906,389,118,904,675],"class_list":["post-6537","post","type-post","status-publish","format-standard","has-post-thumbnail","hentry","category-pionowe","category-rok-2019","category-tramwaj","tag-2019-06-23","tag-bratyslawa","tag-dp-bratislava","tag-mijanka","tag-plany-i-profile","tag-skoda-30t","tag-slowacja"],"_links":{"self":[{"href":"http:\/\/wgphoto.pl\/t\/index.php?rest_route=\/wp\/v2\/posts\/6537","targetHints":{"allow":["GET"]}}],"collection":[{"href":"http:\/\/wgphoto.pl\/t\/index.php?rest_route=\/wp\/v2\/posts"}],"about":[{"href":"http:\/\/wgphoto.pl\/t\/index.php?rest_route=\/wp\/v2\/types\/post"}],"author":[{"embeddable":true,"href":"http:\/\/wgphoto.pl\/t\/index.php?rest_route=\/wp\/v2\/users\/1"}],"replies":[{"embeddable":true,"href":"http:\/\/wgphoto.pl\/t\/index.php?rest_route=%2Fwp%2Fv2%2Fcomments&post=6537"}],"version-history":[{"count":1,"href":"http:\/\/wgphoto.pl\/t\/index.php?rest_route=\/wp\/v2\/posts\/6537\/revisions"}],"predecessor-version":[{"id":6539,"href":"http:\/\/wgphoto.pl\/t\/index.php?rest_route=\/wp\/v2\/posts\/6537\/revisions\/6539"}],"wp:featuredmedia":[{"embeddable":true,"href":"http:\/\/wgphoto.pl\/t\/index.php?rest_route=\/wp\/v2\/media\/6538"}],"wp:attachment":[{"href":"http:\/\/wgphoto.pl\/t\/index.php?rest_route=%2Fwp%2Fv2%2Fmedia&parent=6537"}],"wp:term":[{"taxonomy":"category","embeddable":true,"href":"http:\/\/wgphoto.pl\/t\/index.php?rest_route=%2Fwp%2Fv2%2Fcategories&post=6537"},{"taxonomy":"post_tag","embeddable":true,"href":"http:\/\/wgphoto.pl\/t\/index.php?rest_route=%2Fwp%2Fv2%2Ftags&post=6537"}],"curies":[{"name":"wp","href":"https:\/\/api.w.org\/{rel}","templated":true}]}}