{"id":6540,"date":"2024-11-24T14:46:40","date_gmt":"2024-11-24T13:46:40","guid":{"rendered":"https:\/\/wgphoto.pl\/t\/?p=6540"},"modified":"2024-11-24T14:46:40","modified_gmt":"2024-11-24T13:46:40","slug":"skoda-30t-7507","status":"publish","type":"post","link":"http:\/\/wgphoto.pl\/t\/?p=6540","title":{"rendered":"\u0160koda 30T 7507"},"content":{"rendered":"\n<figure class=\"wp-block-image aligncenter size-full\"><img loading=\"lazy\" decoding=\"async\" width=\"1300\" height=\"861\" src=\"https:\/\/wgphoto.pl\/t\/wp-content\/uploads\/2024\/11\/IMGP4111.jpg\" alt=\"\" class=\"wp-image-6541\" srcset=\"http:\/\/wgphoto.pl\/t\/wp-content\/uploads\/2024\/11\/IMGP4111.jpg 1300w, http:\/\/wgphoto.pl\/t\/wp-content\/uploads\/2024\/11\/IMGP4111-300x199.jpg 300w, http:\/\/wgphoto.pl\/t\/wp-content\/uploads\/2024\/11\/IMGP4111-768x509.jpg 768w\" sizes=\"auto, (max-width: 1300px) 100vw, 1300px\" \/><\/figure>\n\n\n\n<div class=\"wp-block-group has-global-padding is-layout-constrained wp-block-group-is-layout-constrained\">\n<p>Bratys\u0142awa, Jant\u00e1rov\u00e1 cesta. \u0160koda 30T 7507 przeprawi\u0142a si\u0119 na prawy brzeg Dunaju widocznym w tle Starym Mostem i pokonuje wywijasy w planie i profilu aby dotrze\u0107 do kra\u0144ca w dzielnicy Petr\u017ealka. 23.06.2019<\/p>\n<\/div>\n","protected":false},"excerpt":{"rendered":"<p>Bratys\u0142awa, Jant\u00e1rov\u00e1 cesta. \u0160koda 30T 7507 przeprawi\u0142a si\u0119 na prawy brzeg Dunaju widocznym w tle Starym Mostem i pokonuje wywijasy w planie i profilu aby dotrze\u0107 do kra\u0144ca w dzielnicy Petr\u017ealka. 23.06.2019<\/p>\n","protected":false},"author":1,"featured_media":6541,"comment_status":"open","ping_status":"","sticky":false,"template":"","format":"standard","meta":{"footnotes":""},"categories":[136,3],"tags":[903,902,906,118,904,675],"class_list":["post-6540","post","type-post","status-publish","format-standard","has-post-thumbnail","hentry","category-rok-2019","category-tramwaj","tag-2019-06-23","tag-bratyslawa","tag-dp-bratislava","tag-plany-i-profile","tag-skoda-30t","tag-slowacja"],"_links":{"self":[{"href":"http:\/\/wgphoto.pl\/t\/index.php?rest_route=\/wp\/v2\/posts\/6540","targetHints":{"allow":["GET"]}}],"collection":[{"href":"http:\/\/wgphoto.pl\/t\/index.php?rest_route=\/wp\/v2\/posts"}],"about":[{"href":"http:\/\/wgphoto.pl\/t\/index.php?rest_route=\/wp\/v2\/types\/post"}],"author":[{"embeddable":true,"href":"http:\/\/wgphoto.pl\/t\/index.php?rest_route=\/wp\/v2\/users\/1"}],"replies":[{"embeddable":true,"href":"http:\/\/wgphoto.pl\/t\/index.php?rest_route=%2Fwp%2Fv2%2Fcomments&post=6540"}],"version-history":[{"count":1,"href":"http:\/\/wgphoto.pl\/t\/index.php?rest_route=\/wp\/v2\/posts\/6540\/revisions"}],"predecessor-version":[{"id":6542,"href":"http:\/\/wgphoto.pl\/t\/index.php?rest_route=\/wp\/v2\/posts\/6540\/revisions\/6542"}],"wp:featuredmedia":[{"embeddable":true,"href":"http:\/\/wgphoto.pl\/t\/index.php?rest_route=\/wp\/v2\/media\/6541"}],"wp:attachment":[{"href":"http:\/\/wgphoto.pl\/t\/index.php?rest_route=%2Fwp%2Fv2%2Fmedia&parent=6540"}],"wp:term":[{"taxonomy":"category","embeddable":true,"href":"http:\/\/wgphoto.pl\/t\/index.php?rest_route=%2Fwp%2Fv2%2Fcategories&post=6540"},{"taxonomy":"post_tag","embeddable":true,"href":"http:\/\/wgphoto.pl\/t\/index.php?rest_route=%2Fwp%2Fv2%2Ftags&post=6540"}],"curies":[{"name":"wp","href":"https:\/\/api.w.org\/{rel}","templated":true}]}}