{"id":6546,"date":"2024-11-24T14:48:38","date_gmt":"2024-11-24T13:48:38","guid":{"rendered":"https:\/\/wgphoto.pl\/t\/?p=6546"},"modified":"2024-11-24T14:48:38","modified_gmt":"2024-11-24T13:48:38","slug":"mijanka-w-wydminach","status":"publish","type":"post","link":"http:\/\/wgphoto.pl\/t\/?p=6546","title":{"rendered":"Mijanka w Wydminach"},"content":{"rendered":"\n<figure class=\"wp-block-image aligncenter size-full\"><img loading=\"lazy\" decoding=\"async\" width=\"1300\" height=\"862\" src=\"https:\/\/wgphoto.pl\/t\/wp-content\/uploads\/2024\/11\/0518-28.jpg\" alt=\"\" class=\"wp-image-6547\" srcset=\"http:\/\/wgphoto.pl\/t\/wp-content\/uploads\/2024\/11\/0518-28.jpg 1300w, http:\/\/wgphoto.pl\/t\/wp-content\/uploads\/2024\/11\/0518-28-300x199.jpg 300w, http:\/\/wgphoto.pl\/t\/wp-content\/uploads\/2024\/11\/0518-28-768x509.jpg 768w\" sizes=\"auto, (max-width: 1300px) 100vw, 1300px\" \/><\/figure>\n\n\n\n<div class=\"wp-block-group has-global-padding is-layout-constrained wp-block-group-is-layout-constrained\">\n<p>SU45-191 z poci\u0105giem pospieszno-osobowym 98126 relacji Wroc\u0142aw &#8211; E\u0142k krzy\u017cuje si\u0119 w Wydminach z poci\u0105giem pospiesznym 18201 &#8222;Podlasiak&#8221; z Bia\u0142egostoku do Szczecina. 26.07.2005<\/p>\n<\/div>\n","protected":false},"excerpt":{"rendered":"<p>SU45-191 z poci\u0105giem pospieszno-osobowym 98126 relacji Wroc\u0142aw &#8211; E\u0142k krzy\u017cuje si\u0119 w Wydminach z poci\u0105giem pospiesznym 18201 &#8222;Podlasiak&#8221; z Bia\u0142egostoku do Szczecina. 26.07.2005<\/p>\n","protected":false},"author":1,"featured_media":6547,"comment_status":"open","ping_status":"","sticky":false,"template":"","format":"standard","meta":{"footnotes":""},"categories":[62,2,311],"tags":[1160,173,389,63,27,290,223,322,265,323],"class_list":["post-6546","post","type-post","status-publish","format-standard","has-post-thumbnail","hentry","category-analog","category-kolej","category-rok-2005","tag-2005-07-26","tag-koncowki","tag-mijanka","tag-pkp","tag-polska","tag-su45","tag-symetria","tag-tab-pl510","tag-wagon","tag-wydminy"],"_links":{"self":[{"href":"http:\/\/wgphoto.pl\/t\/index.php?rest_route=\/wp\/v2\/posts\/6546","targetHints":{"allow":["GET"]}}],"collection":[{"href":"http:\/\/wgphoto.pl\/t\/index.php?rest_route=\/wp\/v2\/posts"}],"about":[{"href":"http:\/\/wgphoto.pl\/t\/index.php?rest_route=\/wp\/v2\/types\/post"}],"author":[{"embeddable":true,"href":"http:\/\/wgphoto.pl\/t\/index.php?rest_route=\/wp\/v2\/users\/1"}],"replies":[{"embeddable":true,"href":"http:\/\/wgphoto.pl\/t\/index.php?rest_route=%2Fwp%2Fv2%2Fcomments&post=6546"}],"version-history":[{"count":1,"href":"http:\/\/wgphoto.pl\/t\/index.php?rest_route=\/wp\/v2\/posts\/6546\/revisions"}],"predecessor-version":[{"id":6548,"href":"http:\/\/wgphoto.pl\/t\/index.php?rest_route=\/wp\/v2\/posts\/6546\/revisions\/6548"}],"wp:featuredmedia":[{"embeddable":true,"href":"http:\/\/wgphoto.pl\/t\/index.php?rest_route=\/wp\/v2\/media\/6547"}],"wp:attachment":[{"href":"http:\/\/wgphoto.pl\/t\/index.php?rest_route=%2Fwp%2Fv2%2Fmedia&parent=6546"}],"wp:term":[{"taxonomy":"category","embeddable":true,"href":"http:\/\/wgphoto.pl\/t\/index.php?rest_route=%2Fwp%2Fv2%2Fcategories&post=6546"},{"taxonomy":"post_tag","embeddable":true,"href":"http:\/\/wgphoto.pl\/t\/index.php?rest_route=%2Fwp%2Fv2%2Ftags&post=6546"}],"curies":[{"name":"wp","href":"https:\/\/api.w.org\/{rel}","templated":true}]}}