{"id":6635,"date":"2024-11-28T16:56:52","date_gmt":"2024-11-28T15:56:52","guid":{"rendered":"https:\/\/wgphoto.pl\/t\/?p=6635"},"modified":"2024-11-28T18:00:38","modified_gmt":"2024-11-28T17:00:38","slug":"w-hiszpanii-jesienia-tez-pada","status":"publish","type":"post","link":"http:\/\/wgphoto.pl\/t\/?p=6635","title":{"rendered":"W Andaluzji jesieni\u0105 te\u017c pada"},"content":{"rendered":"\n<figure class=\"wp-block-image aligncenter size-full\"><img loading=\"lazy\" decoding=\"async\" width=\"1400\" height=\"927\" src=\"https:\/\/wgphoto.pl\/t\/wp-content\/uploads\/2024\/11\/IMGP2350.jpg\" alt=\"\" class=\"wp-image-6636\" srcset=\"http:\/\/wgphoto.pl\/t\/wp-content\/uploads\/2024\/11\/IMGP2350.jpg 1400w, http:\/\/wgphoto.pl\/t\/wp-content\/uploads\/2024\/11\/IMGP2350-300x199.jpg 300w, http:\/\/wgphoto.pl\/t\/wp-content\/uploads\/2024\/11\/IMGP2350-768x509.jpg 768w\" sizes=\"auto, (max-width: 1400px) 100vw, 1400px\" \/><\/figure>\n\n\n\n<div class=\"wp-block-group has-global-padding is-layout-constrained wp-block-group-is-layout-constrained\">\n<p>Granada, Armilla. CAF Urbos nr 310 wyruszy\u0142 w\u0142a\u015bnie w kolejny kurs z p\u0142d-zach kra\u0144ca trasy. 19.11.2018<\/p>\n<\/div>\n","protected":false},"excerpt":{"rendered":"<p>Granada, Armilla. CAF Urbos nr 310 wyruszy\u0142 w\u0142a\u015bnie w kolejny kurs z p\u0142d-zach kra\u0144ca trasy. 19.11.2018<\/p>\n","protected":false},"author":1,"featured_media":6636,"comment_status":"open","ping_status":"","sticky":false,"template":"","format":"standard","meta":{"footnotes":""},"categories":[156,3],"tags":[163,157,13,158,159,160,126,173,161],"class_list":["post-6635","post","type-post","status-publish","format-standard","has-post-thumbnail","hentry","category-rok-2018","category-tramwaj","tag-2018-11-19","tag-caf-urbos","tag-deszcz","tag-granada","tag-hiszpania","tag-hiszpania-2018","tag-jesien","tag-koncowki","tag-metro-de-granada"],"_links":{"self":[{"href":"http:\/\/wgphoto.pl\/t\/index.php?rest_route=\/wp\/v2\/posts\/6635","targetHints":{"allow":["GET"]}}],"collection":[{"href":"http:\/\/wgphoto.pl\/t\/index.php?rest_route=\/wp\/v2\/posts"}],"about":[{"href":"http:\/\/wgphoto.pl\/t\/index.php?rest_route=\/wp\/v2\/types\/post"}],"author":[{"embeddable":true,"href":"http:\/\/wgphoto.pl\/t\/index.php?rest_route=\/wp\/v2\/users\/1"}],"replies":[{"embeddable":true,"href":"http:\/\/wgphoto.pl\/t\/index.php?rest_route=%2Fwp%2Fv2%2Fcomments&post=6635"}],"version-history":[{"count":2,"href":"http:\/\/wgphoto.pl\/t\/index.php?rest_route=\/wp\/v2\/posts\/6635\/revisions"}],"predecessor-version":[{"id":6711,"href":"http:\/\/wgphoto.pl\/t\/index.php?rest_route=\/wp\/v2\/posts\/6635\/revisions\/6711"}],"wp:featuredmedia":[{"embeddable":true,"href":"http:\/\/wgphoto.pl\/t\/index.php?rest_route=\/wp\/v2\/media\/6636"}],"wp:attachment":[{"href":"http:\/\/wgphoto.pl\/t\/index.php?rest_route=%2Fwp%2Fv2%2Fmedia&parent=6635"}],"wp:term":[{"taxonomy":"category","embeddable":true,"href":"http:\/\/wgphoto.pl\/t\/index.php?rest_route=%2Fwp%2Fv2%2Fcategories&post=6635"},{"taxonomy":"post_tag","embeddable":true,"href":"http:\/\/wgphoto.pl\/t\/index.php?rest_route=%2Fwp%2Fv2%2Ftags&post=6635"}],"curies":[{"name":"wp","href":"https:\/\/api.w.org\/{rel}","templated":true}]}}