{"id":6669,"date":"2024-11-28T17:44:09","date_gmt":"2024-11-28T16:44:09","guid":{"rendered":"https:\/\/wgphoto.pl\/t\/?p=6669"},"modified":"2024-11-28T17:44:09","modified_gmt":"2024-11-28T16:44:09","slug":"105na-614-gliwice","status":"publish","type":"post","link":"http:\/\/wgphoto.pl\/t\/?p=6669","title":{"rendered":"105Na 614, Gliwice"},"content":{"rendered":"\n<figure class=\"wp-block-image aligncenter size-full\"><img loading=\"lazy\" decoding=\"async\" width=\"773\" height=\"1000\" src=\"https:\/\/wgphoto.pl\/t\/wp-content\/uploads\/2024\/11\/IMGP9003.jpg\" alt=\"\" class=\"wp-image-6670\" srcset=\"http:\/\/wgphoto.pl\/t\/wp-content\/uploads\/2024\/11\/IMGP9003.jpg 773w, http:\/\/wgphoto.pl\/t\/wp-content\/uploads\/2024\/11\/IMGP9003-232x300.jpg 232w, http:\/\/wgphoto.pl\/t\/wp-content\/uploads\/2024\/11\/IMGP9003-768x994.jpg 768w\" sizes=\"auto, (max-width: 773px) 100vw, 773px\" \/><\/figure>\n\n\n\n<div class=\"wp-block-group has-global-padding is-layout-constrained wp-block-group-is-layout-constrained\">\n<p>Gliwice, ul. Dolnych Wa\u0142\u00f3w. Dzi\u015b nie ma \u015bladu po tramwajach w tym miejscu. 28.08.2009<\/p>\n<\/div>\n","protected":false},"excerpt":{"rendered":"<p>Gliwice, ul. Dolnych Wa\u0142\u00f3w. Dzi\u015b nie ma \u015bladu po tramwajach w tym miejscu. 28.08.2009<\/p>\n","protected":false},"author":1,"featured_media":6670,"comment_status":"open","ping_status":"","sticky":false,"template":"","format":"standard","meta":{"footnotes":""},"categories":[128,169,3],"tags":[155,1213,1080,277,27,279],"class_list":["post-6669","post","type-post","status-publish","format-standard","has-post-thumbnail","hentry","category-pionowe","category-rok-2009","category-tramwaj","tag-105na","tag-2009-08-28","tag-gliwice","tag-gop","tag-polska","tag-tramwaje-slaskie"],"_links":{"self":[{"href":"http:\/\/wgphoto.pl\/t\/index.php?rest_route=\/wp\/v2\/posts\/6669","targetHints":{"allow":["GET"]}}],"collection":[{"href":"http:\/\/wgphoto.pl\/t\/index.php?rest_route=\/wp\/v2\/posts"}],"about":[{"href":"http:\/\/wgphoto.pl\/t\/index.php?rest_route=\/wp\/v2\/types\/post"}],"author":[{"embeddable":true,"href":"http:\/\/wgphoto.pl\/t\/index.php?rest_route=\/wp\/v2\/users\/1"}],"replies":[{"embeddable":true,"href":"http:\/\/wgphoto.pl\/t\/index.php?rest_route=%2Fwp%2Fv2%2Fcomments&post=6669"}],"version-history":[{"count":1,"href":"http:\/\/wgphoto.pl\/t\/index.php?rest_route=\/wp\/v2\/posts\/6669\/revisions"}],"predecessor-version":[{"id":6671,"href":"http:\/\/wgphoto.pl\/t\/index.php?rest_route=\/wp\/v2\/posts\/6669\/revisions\/6671"}],"wp:featuredmedia":[{"embeddable":true,"href":"http:\/\/wgphoto.pl\/t\/index.php?rest_route=\/wp\/v2\/media\/6670"}],"wp:attachment":[{"href":"http:\/\/wgphoto.pl\/t\/index.php?rest_route=%2Fwp%2Fv2%2Fmedia&parent=6669"}],"wp:term":[{"taxonomy":"category","embeddable":true,"href":"http:\/\/wgphoto.pl\/t\/index.php?rest_route=%2Fwp%2Fv2%2Fcategories&post=6669"},{"taxonomy":"post_tag","embeddable":true,"href":"http:\/\/wgphoto.pl\/t\/index.php?rest_route=%2Fwp%2Fv2%2Ftags&post=6669"}],"curies":[{"name":"wp","href":"https:\/\/api.w.org\/{rel}","templated":true}]}}