{"id":6672,"date":"2024-11-28T17:45:10","date_gmt":"2024-11-28T16:45:10","guid":{"rendered":"https:\/\/wgphoto.pl\/t\/?p=6672"},"modified":"2024-11-28T17:45:10","modified_gmt":"2024-11-28T16:45:10","slug":"namalowane-nie-tylko-swiatlem","status":"publish","type":"post","link":"http:\/\/wgphoto.pl\/t\/?p=6672","title":{"rendered":"Namalowane nie tylko \u015bwiat\u0142em"},"content":{"rendered":"\n<figure class=\"wp-block-image aligncenter size-full\"><img loading=\"lazy\" decoding=\"async\" width=\"1300\" height=\"731\" src=\"https:\/\/wgphoto.pl\/t\/wp-content\/uploads\/2024\/11\/0730-14.jpg\" alt=\"\" class=\"wp-image-6673\" srcset=\"http:\/\/wgphoto.pl\/t\/wp-content\/uploads\/2024\/11\/0730-14.jpg 1300w, http:\/\/wgphoto.pl\/t\/wp-content\/uploads\/2024\/11\/0730-14-300x169.jpg 300w, http:\/\/wgphoto.pl\/t\/wp-content\/uploads\/2024\/11\/0730-14-768x432.jpg 768w\" sizes=\"auto, (max-width: 1300px) 100vw, 1300px\" \/><\/figure>\n\n\n\n<div class=\"wp-block-group has-global-padding is-layout-constrained wp-block-group-is-layout-constrained\">\n<p>O\u0142omuniec, Wolkerova ul., w moj\u0105 stron\u0119 jedzie sk\u0142ad T3SUCS+T3 146+136, ode mnie T3R.P 147+155. 13.09.2007<\/p>\n<\/div>\n","protected":false},"excerpt":{"rendered":"<p>O\u0142omuniec, Wolkerova ul., w moj\u0105 stron\u0119 jedzie sk\u0142ad T3SUCS+T3 146+136, ode mnie T3R.P 147+155. 13.09.2007<\/p>\n","protected":false},"author":1,"featured_media":6673,"comment_status":"open","ping_status":"","sticky":false,"template":"","format":"standard","meta":{"footnotes":""},"categories":[62,96],"tags":[2145,49,2147,1013,389,162,1012,1011],"class_list":["post-6672","post","type-post","status-publish","format-standard","has-post-thumbnail","hentry","category-analog","category-rok-2007","tag-2007-09-13","tag-czechy","tag-czechy-po-raz-pierwszy","tag-dpmo-olomouc","tag-mijanka","tag-niebo","tag-olomuniec","tag-tatra-t3"],"_links":{"self":[{"href":"http:\/\/wgphoto.pl\/t\/index.php?rest_route=\/wp\/v2\/posts\/6672","targetHints":{"allow":["GET"]}}],"collection":[{"href":"http:\/\/wgphoto.pl\/t\/index.php?rest_route=\/wp\/v2\/posts"}],"about":[{"href":"http:\/\/wgphoto.pl\/t\/index.php?rest_route=\/wp\/v2\/types\/post"}],"author":[{"embeddable":true,"href":"http:\/\/wgphoto.pl\/t\/index.php?rest_route=\/wp\/v2\/users\/1"}],"replies":[{"embeddable":true,"href":"http:\/\/wgphoto.pl\/t\/index.php?rest_route=%2Fwp%2Fv2%2Fcomments&post=6672"}],"version-history":[{"count":1,"href":"http:\/\/wgphoto.pl\/t\/index.php?rest_route=\/wp\/v2\/posts\/6672\/revisions"}],"predecessor-version":[{"id":6674,"href":"http:\/\/wgphoto.pl\/t\/index.php?rest_route=\/wp\/v2\/posts\/6672\/revisions\/6674"}],"wp:featuredmedia":[{"embeddable":true,"href":"http:\/\/wgphoto.pl\/t\/index.php?rest_route=\/wp\/v2\/media\/6673"}],"wp:attachment":[{"href":"http:\/\/wgphoto.pl\/t\/index.php?rest_route=%2Fwp%2Fv2%2Fmedia&parent=6672"}],"wp:term":[{"taxonomy":"category","embeddable":true,"href":"http:\/\/wgphoto.pl\/t\/index.php?rest_route=%2Fwp%2Fv2%2Fcategories&post=6672"},{"taxonomy":"post_tag","embeddable":true,"href":"http:\/\/wgphoto.pl\/t\/index.php?rest_route=%2Fwp%2Fv2%2Ftags&post=6672"}],"curies":[{"name":"wp","href":"https:\/\/api.w.org\/{rel}","templated":true}]}}