{"id":6675,"date":"2024-11-28T17:46:17","date_gmt":"2024-11-28T16:46:17","guid":{"rendered":"https:\/\/wgphoto.pl\/t\/?p=6675"},"modified":"2024-11-28T17:46:17","modified_gmt":"2024-11-28T16:46:17","slug":"powtorki-nie-bedzie","status":"publish","type":"post","link":"http:\/\/wgphoto.pl\/t\/?p=6675","title":{"rendered":"Powt\u00f3rki nie b\u0119dzie"},"content":{"rendered":"\n<figure class=\"wp-block-image aligncenter size-full\"><img loading=\"lazy\" decoding=\"async\" width=\"1300\" height=\"862\" src=\"https:\/\/wgphoto.pl\/t\/wp-content\/uploads\/2024\/11\/0731-0a.jpg\" alt=\"\" class=\"wp-image-6676\" srcset=\"http:\/\/wgphoto.pl\/t\/wp-content\/uploads\/2024\/11\/0731-0a.jpg 1300w, http:\/\/wgphoto.pl\/t\/wp-content\/uploads\/2024\/11\/0731-0a-300x199.jpg 300w, http:\/\/wgphoto.pl\/t\/wp-content\/uploads\/2024\/11\/0731-0a-768x509.jpg 768w\" sizes=\"auto, (max-width: 1300px) 100vw, 1300px\" \/><\/figure>\n\n\n\n<div class=\"wp-block-group has-global-padding is-layout-constrained wp-block-group-is-layout-constrained\">\n<p>Nov\u00fd Ji\u010d\u00edn-horn\u00ed n\u00e1dra\u017e\u00ed by\u0142 moim pierwszym czeskim &#8222;kolejowym ko\u0144cem \u015bwiata&#8221; na koncie i ca\u0142kiem dobrze si\u0119 sta\u0142o, \u017ce pojecha\u0142em tam na pierwszy ogie\u0144, poniewa\u017c w czerwcu 2009 roku trasa mocno ucierpia\u0142a w czasie powodzi i ostatecznie nie zdecydowano si\u0119 na jej odbudow\u0119.<br>Motorak 810.234-5 sko\u0144czy\u0142 bieg jako poci\u0105g osobowy 23154 z oddalonych o 10 kilometr\u00f3w Hosta\u0161ovic. 14.09.2007<\/p>\n<\/div>\n","protected":false},"excerpt":{"rendered":"<p>Nov\u00fd Ji\u010d\u00edn-horn\u00ed n\u00e1dra\u017e\u00ed by\u0142 moim pierwszym czeskim &#8222;kolejowym ko\u0144cem \u015bwiata&#8221; na koncie i ca\u0142kiem dobrze si\u0119 sta\u0142o, \u017ce pojecha\u0142em tam na pierwszy ogie\u0144, poniewa\u017c w czerwcu 2009 roku trasa mocno ucierpia\u0142a w czasie powodzi i ostatecznie nie zdecydowano si\u0119 na jej odbudow\u0119.Motorak 810.234-5 sko\u0144czy\u0142 bieg jako poci\u0105g osobowy 23154 z oddalonych o 10 kilometr\u00f3w Hosta\u0161ovic. [&hellip;]<\/p>\n","protected":false},"author":1,"featured_media":6676,"comment_status":"open","ping_status":"","sticky":false,"template":"","format":"standard","meta":{"footnotes":""},"categories":[62,2,96],"tags":[2425,92,50,49,2147,94,2423,2424],"class_list":["post-6675","post","type-post","status-publish","format-standard","has-post-thumbnail","hentry","category-analog","category-kolej","category-rok-2007","tag-2007-09-14","tag-92","tag-cd","tag-czechy","tag-czechy-po-raz-pierwszy","tag-na-kolejowym-koncu-swiata","tag-novy-jicin-horni-nadrazi","tag-tab-cz326"],"_links":{"self":[{"href":"http:\/\/wgphoto.pl\/t\/index.php?rest_route=\/wp\/v2\/posts\/6675","targetHints":{"allow":["GET"]}}],"collection":[{"href":"http:\/\/wgphoto.pl\/t\/index.php?rest_route=\/wp\/v2\/posts"}],"about":[{"href":"http:\/\/wgphoto.pl\/t\/index.php?rest_route=\/wp\/v2\/types\/post"}],"author":[{"embeddable":true,"href":"http:\/\/wgphoto.pl\/t\/index.php?rest_route=\/wp\/v2\/users\/1"}],"replies":[{"embeddable":true,"href":"http:\/\/wgphoto.pl\/t\/index.php?rest_route=%2Fwp%2Fv2%2Fcomments&post=6675"}],"version-history":[{"count":1,"href":"http:\/\/wgphoto.pl\/t\/index.php?rest_route=\/wp\/v2\/posts\/6675\/revisions"}],"predecessor-version":[{"id":6677,"href":"http:\/\/wgphoto.pl\/t\/index.php?rest_route=\/wp\/v2\/posts\/6675\/revisions\/6677"}],"wp:featuredmedia":[{"embeddable":true,"href":"http:\/\/wgphoto.pl\/t\/index.php?rest_route=\/wp\/v2\/media\/6676"}],"wp:attachment":[{"href":"http:\/\/wgphoto.pl\/t\/index.php?rest_route=%2Fwp%2Fv2%2Fmedia&parent=6675"}],"wp:term":[{"taxonomy":"category","embeddable":true,"href":"http:\/\/wgphoto.pl\/t\/index.php?rest_route=%2Fwp%2Fv2%2Fcategories&post=6675"},{"taxonomy":"post_tag","embeddable":true,"href":"http:\/\/wgphoto.pl\/t\/index.php?rest_route=%2Fwp%2Fv2%2Ftags&post=6675"}],"curies":[{"name":"wp","href":"https:\/\/api.w.org\/{rel}","templated":true}]}}