{"id":672,"date":"2024-09-30T18:54:47","date_gmt":"2024-09-30T16:54:47","guid":{"rendered":"https:\/\/wgphoto.pl\/t\/?p=672"},"modified":"2024-09-30T18:54:47","modified_gmt":"2024-09-30T16:54:47","slug":"fabryka-kadrow","status":"publish","type":"post","link":"http:\/\/wgphoto.pl\/t\/?p=672","title":{"rendered":"Fabryka kadr\u00f3w"},"content":{"rendered":"\n<figure class=\"wp-block-image aligncenter size-full\"><img loading=\"lazy\" decoding=\"async\" width=\"1200\" height=\"795\" src=\"https:\/\/wgphoto.pl\/t\/wp-content\/uploads\/2024\/09\/IMGP2916.jpg\" alt=\"\" class=\"wp-image-673\" srcset=\"http:\/\/wgphoto.pl\/t\/wp-content\/uploads\/2024\/09\/IMGP2916.jpg 1200w, http:\/\/wgphoto.pl\/t\/wp-content\/uploads\/2024\/09\/IMGP2916-300x199.jpg 300w, http:\/\/wgphoto.pl\/t\/wp-content\/uploads\/2024\/09\/IMGP2916-768x509.jpg 768w\" sizes=\"auto, (max-width: 1200px) 100vw, 1200px\" \/><\/figure>\n\n\n\n<div class=\"wp-block-group has-global-padding is-layout-constrained wp-block-group-is-layout-constrained\">\n<p>Wroc\u0142aw, ul. Grodzka. 2069 w oczekiwaniu na uczestnik\u00f3w wynaj\u0119cia. Chodzi\u0142, przymierza\u0142, kombinowa\u0142 i zupe\u0142nie niepozornie wyprodukowa\u0142 w ko\u0144cu jaki\u015b kadr. Pewnie po pierwszym rzucie oka nie zauwa\u017cyli\u015bcie nawet tego znaku na przegubie. \ud83d\ude42 05.03.2019<\/p>\n<\/div>\n","protected":false},"excerpt":{"rendered":"<p>Wroc\u0142aw, ul. Grodzka. 2069 w oczekiwaniu na uczestnik\u00f3w wynaj\u0119cia. Chodzi\u0142, przymierza\u0142, kombinowa\u0142 i zupe\u0142nie niepozornie wyprodukowa\u0142 w ko\u0144cu jaki\u015b kadr. Pewnie po pierwszym rzucie oka nie zauwa\u017cyli\u015bcie nawet tego znaku na przegubie. \ud83d\ude42 05.03.2019<\/p>\n","protected":false},"author":1,"featured_media":673,"comment_status":"open","ping_status":"","sticky":false,"template":"","format":"standard","meta":{"footnotes":""},"categories":[136,3],"tags":[310,34,91,309,137,27,139,90,41],"class_list":["post-672","post","type-post","status-publish","format-standard","has-post-thumbnail","hentry","category-rok-2019","category-tramwaj","tag-2019-03-05","tag-architektura","tag-blue-hour","tag-konstal-102na","tag-kstm","tag-polska","tag-retro","tag-wieczorem","tag-wroclaw"],"_links":{"self":[{"href":"http:\/\/wgphoto.pl\/t\/index.php?rest_route=\/wp\/v2\/posts\/672","targetHints":{"allow":["GET"]}}],"collection":[{"href":"http:\/\/wgphoto.pl\/t\/index.php?rest_route=\/wp\/v2\/posts"}],"about":[{"href":"http:\/\/wgphoto.pl\/t\/index.php?rest_route=\/wp\/v2\/types\/post"}],"author":[{"embeddable":true,"href":"http:\/\/wgphoto.pl\/t\/index.php?rest_route=\/wp\/v2\/users\/1"}],"replies":[{"embeddable":true,"href":"http:\/\/wgphoto.pl\/t\/index.php?rest_route=%2Fwp%2Fv2%2Fcomments&post=672"}],"version-history":[{"count":1,"href":"http:\/\/wgphoto.pl\/t\/index.php?rest_route=\/wp\/v2\/posts\/672\/revisions"}],"predecessor-version":[{"id":674,"href":"http:\/\/wgphoto.pl\/t\/index.php?rest_route=\/wp\/v2\/posts\/672\/revisions\/674"}],"wp:featuredmedia":[{"embeddable":true,"href":"http:\/\/wgphoto.pl\/t\/index.php?rest_route=\/wp\/v2\/media\/673"}],"wp:attachment":[{"href":"http:\/\/wgphoto.pl\/t\/index.php?rest_route=%2Fwp%2Fv2%2Fmedia&parent=672"}],"wp:term":[{"taxonomy":"category","embeddable":true,"href":"http:\/\/wgphoto.pl\/t\/index.php?rest_route=%2Fwp%2Fv2%2Fcategories&post=672"},{"taxonomy":"post_tag","embeddable":true,"href":"http:\/\/wgphoto.pl\/t\/index.php?rest_route=%2Fwp%2Fv2%2Ftags&post=672"}],"curies":[{"name":"wp","href":"https:\/\/api.w.org\/{rel}","templated":true}]}}