{"id":6728,"date":"2024-11-29T17:33:44","date_gmt":"2024-11-29T16:33:44","guid":{"rendered":"https:\/\/wgphoto.pl\/t\/?p=6728"},"modified":"2024-11-29T17:33:44","modified_gmt":"2024-11-29T16:33:44","slug":"leniwa-lokalka-u-swietego-michala","status":"publish","type":"post","link":"http:\/\/wgphoto.pl\/t\/?p=6728","title":{"rendered":"Leniwa lokalka u \u015awi\u0119tego Micha\u0142a"},"content":{"rendered":"\n<figure class=\"wp-block-image aligncenter size-full\"><img loading=\"lazy\" decoding=\"async\" width=\"1400\" height=\"927\" src=\"https:\/\/wgphoto.pl\/t\/wp-content\/uploads\/2024\/11\/IMGP7327.jpg\" alt=\"\" class=\"wp-image-6729\" srcset=\"http:\/\/wgphoto.pl\/t\/wp-content\/uploads\/2024\/11\/IMGP7327.jpg 1400w, http:\/\/wgphoto.pl\/t\/wp-content\/uploads\/2024\/11\/IMGP7327-300x199.jpg 300w, http:\/\/wgphoto.pl\/t\/wp-content\/uploads\/2024\/11\/IMGP7327-768x509.jpg 768w\" sizes=\"auto, (max-width: 1400px) 100vw, 1400px\" \/><\/figure>\n\n\n\n<div class=\"wp-block-group has-global-padding is-layout-constrained wp-block-group-is-layout-constrained\">\n<p>Jednostka serii 97 (z ty\u0142u wagon nap\u0119dowy 97.0578) jako poci\u0105g R11018 Mice\u015ftii de C\u00e2mpie &#8211; Bistri\u021ba Nord zaraz zatrzyma si\u0119 na przystanku S\u00e2nmihaiu de C\u00e2mpie. [21.05.2024]<\/p>\n<\/div>\n","protected":false},"excerpt":{"rendered":"<p>Jednostka serii 97 (z ty\u0142u wagon nap\u0119dowy 97.0578) jako poci\u0105g R11018 Mice\u015ftii de C\u00e2mpie &#8211; Bistri\u021ba Nord zaraz zatrzyma si\u0119 na przystanku S\u00e2nmihaiu de C\u00e2mpie. [21.05.2024]<\/p>\n","protected":false},"author":1,"featured_media":6729,"comment_status":"open","ping_status":"","sticky":false,"template":"","format":"standard","meta":{"footnotes":""},"categories":[2,5],"tags":[2440,2437,1248,2439,574,2438],"class_list":["post-6728","post","type-post","status-publish","format-standard","has-post-thumbnail","hentry","category-kolej","category-2024r","tag-2024-05-21","tag-97-caravelle","tag-druga-majowka-2024","tag-regio-calatori","tag-rumunia","tag-sanmihaiu-de-campie"],"_links":{"self":[{"href":"http:\/\/wgphoto.pl\/t\/index.php?rest_route=\/wp\/v2\/posts\/6728","targetHints":{"allow":["GET"]}}],"collection":[{"href":"http:\/\/wgphoto.pl\/t\/index.php?rest_route=\/wp\/v2\/posts"}],"about":[{"href":"http:\/\/wgphoto.pl\/t\/index.php?rest_route=\/wp\/v2\/types\/post"}],"author":[{"embeddable":true,"href":"http:\/\/wgphoto.pl\/t\/index.php?rest_route=\/wp\/v2\/users\/1"}],"replies":[{"embeddable":true,"href":"http:\/\/wgphoto.pl\/t\/index.php?rest_route=%2Fwp%2Fv2%2Fcomments&post=6728"}],"version-history":[{"count":1,"href":"http:\/\/wgphoto.pl\/t\/index.php?rest_route=\/wp\/v2\/posts\/6728\/revisions"}],"predecessor-version":[{"id":6730,"href":"http:\/\/wgphoto.pl\/t\/index.php?rest_route=\/wp\/v2\/posts\/6728\/revisions\/6730"}],"wp:featuredmedia":[{"embeddable":true,"href":"http:\/\/wgphoto.pl\/t\/index.php?rest_route=\/wp\/v2\/media\/6729"}],"wp:attachment":[{"href":"http:\/\/wgphoto.pl\/t\/index.php?rest_route=%2Fwp%2Fv2%2Fmedia&parent=6728"}],"wp:term":[{"taxonomy":"category","embeddable":true,"href":"http:\/\/wgphoto.pl\/t\/index.php?rest_route=%2Fwp%2Fv2%2Fcategories&post=6728"},{"taxonomy":"post_tag","embeddable":true,"href":"http:\/\/wgphoto.pl\/t\/index.php?rest_route=%2Fwp%2Fv2%2Ftags&post=6728"}],"curies":[{"name":"wp","href":"https:\/\/api.w.org\/{rel}","templated":true}]}}