{"id":6785,"date":"2024-12-01T13:44:36","date_gmt":"2024-12-01T12:44:36","guid":{"rendered":"https:\/\/wgphoto.pl\/t\/?p=6785"},"modified":"2024-12-01T13:44:36","modified_gmt":"2024-12-01T12:44:36","slug":"miasto-tetni-zyciem","status":"publish","type":"post","link":"http:\/\/wgphoto.pl\/t\/?p=6785","title":{"rendered":"Miasto t\u0119tni \u017cyciem"},"content":{"rendered":"\n<figure class=\"wp-block-image aligncenter size-full\"><img loading=\"lazy\" decoding=\"async\" width=\"1300\" height=\"861\" src=\"https:\/\/wgphoto.pl\/t\/wp-content\/uploads\/2024\/12\/IMGP5483-1.jpg\" alt=\"\" class=\"wp-image-6787\" srcset=\"http:\/\/wgphoto.pl\/t\/wp-content\/uploads\/2024\/12\/IMGP5483-1.jpg 1300w, http:\/\/wgphoto.pl\/t\/wp-content\/uploads\/2024\/12\/IMGP5483-1-300x199.jpg 300w, http:\/\/wgphoto.pl\/t\/wp-content\/uploads\/2024\/12\/IMGP5483-1-768x509.jpg 768w\" sizes=\"auto, (max-width: 1300px) 100vw, 1300px\" \/><\/figure>\n\n\n\n<div class=\"wp-block-group has-global-padding is-layout-constrained wp-block-group-is-layout-constrained\">\n<p>Miszkolc, Sz\u00e9chenyi Istv\u00e1n utca. Mijanka najstarszej wiekiem i najm\u0142odszej serii tramwaj\u00f3w: E1 192 (ex-Wiede\u0144) i \u0160kody 26T 603. Taki zestaw na ulicach Miszkolca mo\u017cna by\u0142o ogl\u0105da\u0107 nie d\u0142u\u017cej jak przez dwa lata. Obecnie ca\u0142y park taborowy sk\u0142ada si\u0119 z 30 \u0160kodovek. 2014-06-19 19.06.2014<\/p>\n<\/div>\n","protected":false},"excerpt":{"rendered":"<p>Miszkolc, Sz\u00e9chenyi Istv\u00e1n utca. Mijanka najstarszej wiekiem i najm\u0142odszej serii tramwaj\u00f3w: E1 192 (ex-Wiede\u0144) i \u0160kody 26T 603. Taki zestaw na ulicach Miszkolca mo\u017cna by\u0142o ogl\u0105da\u0107 nie d\u0142u\u017cej jak przez dwa lata. Obecnie ca\u0142y park taborowy sk\u0142ada si\u0119 z 30 \u0160kodovek. 2014-06-19 19.06.2014<\/p>\n","protected":false},"author":1,"featured_media":6787,"comment_status":"open","ping_status":"","sticky":false,"template":"","format":"standard","meta":{"footnotes":""},"categories":[48,3],"tags":[1007,239,102,101,173,389,1008,1006,2450,105],"class_list":["post-6785","post","type-post","status-publish","format-standard","has-post-thumbnail","hentry","category-rok-2014","category-tramwaj","tag-2014-06-19","tag-deptak","tag-e1","tag-gt6","tag-koncowki","tag-mijanka","tag-miszkolc","tag-mvk-miskolc","tag-skoda-26t","tag-wegry"],"_links":{"self":[{"href":"http:\/\/wgphoto.pl\/t\/index.php?rest_route=\/wp\/v2\/posts\/6785","targetHints":{"allow":["GET"]}}],"collection":[{"href":"http:\/\/wgphoto.pl\/t\/index.php?rest_route=\/wp\/v2\/posts"}],"about":[{"href":"http:\/\/wgphoto.pl\/t\/index.php?rest_route=\/wp\/v2\/types\/post"}],"author":[{"embeddable":true,"href":"http:\/\/wgphoto.pl\/t\/index.php?rest_route=\/wp\/v2\/users\/1"}],"replies":[{"embeddable":true,"href":"http:\/\/wgphoto.pl\/t\/index.php?rest_route=%2Fwp%2Fv2%2Fcomments&post=6785"}],"version-history":[{"count":1,"href":"http:\/\/wgphoto.pl\/t\/index.php?rest_route=\/wp\/v2\/posts\/6785\/revisions"}],"predecessor-version":[{"id":6788,"href":"http:\/\/wgphoto.pl\/t\/index.php?rest_route=\/wp\/v2\/posts\/6785\/revisions\/6788"}],"wp:featuredmedia":[{"embeddable":true,"href":"http:\/\/wgphoto.pl\/t\/index.php?rest_route=\/wp\/v2\/media\/6787"}],"wp:attachment":[{"href":"http:\/\/wgphoto.pl\/t\/index.php?rest_route=%2Fwp%2Fv2%2Fmedia&parent=6785"}],"wp:term":[{"taxonomy":"category","embeddable":true,"href":"http:\/\/wgphoto.pl\/t\/index.php?rest_route=%2Fwp%2Fv2%2Fcategories&post=6785"},{"taxonomy":"post_tag","embeddable":true,"href":"http:\/\/wgphoto.pl\/t\/index.php?rest_route=%2Fwp%2Fv2%2Ftags&post=6785"}],"curies":[{"name":"wp","href":"https:\/\/api.w.org\/{rel}","templated":true}]}}