{"id":6789,"date":"2024-12-01T13:46:18","date_gmt":"2024-12-01T12:46:18","guid":{"rendered":"https:\/\/wgphoto.pl\/t\/?p=6789"},"modified":"2026-04-13T19:08:08","modified_gmt":"2026-04-13T17:08:08","slug":"caslav-jest-dziewczynka","status":"publish","type":"post","link":"http:\/\/wgphoto.pl\/t\/?p=6789","title":{"rendered":"\u010c\u00e1slav jest dziewczynk\u0105"},"content":{"rendered":"\n<figure class=\"wp-block-image aligncenter size-full\"><img loading=\"lazy\" decoding=\"async\" width=\"1300\" height=\"870\" src=\"https:\/\/wgphoto.pl\/t\/wp-content\/uploads\/2024\/12\/IMGP8860.jpg\" alt=\"\" class=\"wp-image-6790\" srcset=\"http:\/\/wgphoto.pl\/t\/wp-content\/uploads\/2024\/12\/IMGP8860.jpg 1300w, http:\/\/wgphoto.pl\/t\/wp-content\/uploads\/2024\/12\/IMGP8860-300x201.jpg 300w, http:\/\/wgphoto.pl\/t\/wp-content\/uploads\/2024\/12\/IMGP8860-768x514.jpg 768w\" sizes=\"auto, (max-width: 1300px) 100vw, 1300px\" \/><\/figure>\n\n\n\n<div class=\"wp-block-group has-global-padding is-layout-constrained wp-block-group-is-layout-constrained\">\n<p>Eso 363.039-9 podpina si\u0119 do sk\u0142adu poci\u0105gu z nieodleg\u0142ego Kol\u00edna i wr\u00f3ci tam za oko\u0142o dwie godziny. Na linii 230 osob\u00f3wki relacji Kol\u00edn &#8211; Havl\u00ed\u010dk\u016fv Brod bywaj\u0105 dog\u0119szczone poci\u0105gami kr\u00f3tszej relacji Kol\u00edn &#8211; \u010c\u00e1slav i st\u0105d te\u017c bohater dzisiejszego zdj\u0119cia. Bohater-poci\u0105g, bo miasto \u010c\u00e1slav mo\u017ce by\u0107 co najwy\u017cej bohaterk\u0105 (<em>ta \u010c\u00e1slav<\/em>). 20.06.2012<\/p>\n<\/div>\n","protected":false},"excerpt":{"rendered":"<p>Eso 363.039-9 podpina si\u0119 do sk\u0142adu poci\u0105gu z nieodleg\u0142ego Kol\u00edna i wr\u00f3ci tam za oko\u0142o dwie godziny. Na linii 230 osob\u00f3wki relacji Kol\u00edn &#8211; Havl\u00ed\u010dk\u016fv Brod bywaj\u0105 dog\u0119szczone poci\u0105gami kr\u00f3tszej relacji Kol\u00edn &#8211; \u010c\u00e1slav i st\u0105d te\u017c bohater dzisiejszego zdj\u0119cia. Bohater-poci\u0105g, bo miasto \u010c\u00e1slav mo\u017ce by\u0107 co najwy\u017cej bohaterk\u0105 (ta \u010c\u00e1slav). 20.06.2012<\/p>\n","protected":false},"author":1,"featured_media":6790,"comment_status":"open","ping_status":"","sticky":false,"template":"","format":"standard","meta":{"footnotes":""},"categories":[2,46],"tags":[1733,51,283,2452,50,49,24,2451],"class_list":["post-6789","post","type-post","status-publish","format-standard","has-post-thumbnail","hentry","category-kolej","category-rok-2012","tag-2012-06-20","tag-51","tag-bdhpmnu","tag-caslav","tag-cd","tag-czechy","tag-perony","tag-tab-cz230"],"_links":{"self":[{"href":"http:\/\/wgphoto.pl\/t\/index.php?rest_route=\/wp\/v2\/posts\/6789","targetHints":{"allow":["GET"]}}],"collection":[{"href":"http:\/\/wgphoto.pl\/t\/index.php?rest_route=\/wp\/v2\/posts"}],"about":[{"href":"http:\/\/wgphoto.pl\/t\/index.php?rest_route=\/wp\/v2\/types\/post"}],"author":[{"embeddable":true,"href":"http:\/\/wgphoto.pl\/t\/index.php?rest_route=\/wp\/v2\/users\/1"}],"replies":[{"embeddable":true,"href":"http:\/\/wgphoto.pl\/t\/index.php?rest_route=%2Fwp%2Fv2%2Fcomments&post=6789"}],"version-history":[{"count":1,"href":"http:\/\/wgphoto.pl\/t\/index.php?rest_route=\/wp\/v2\/posts\/6789\/revisions"}],"predecessor-version":[{"id":6791,"href":"http:\/\/wgphoto.pl\/t\/index.php?rest_route=\/wp\/v2\/posts\/6789\/revisions\/6791"}],"wp:featuredmedia":[{"embeddable":true,"href":"http:\/\/wgphoto.pl\/t\/index.php?rest_route=\/wp\/v2\/media\/6790"}],"wp:attachment":[{"href":"http:\/\/wgphoto.pl\/t\/index.php?rest_route=%2Fwp%2Fv2%2Fmedia&parent=6789"}],"wp:term":[{"taxonomy":"category","embeddable":true,"href":"http:\/\/wgphoto.pl\/t\/index.php?rest_route=%2Fwp%2Fv2%2Fcategories&post=6789"},{"taxonomy":"post_tag","embeddable":true,"href":"http:\/\/wgphoto.pl\/t\/index.php?rest_route=%2Fwp%2Fv2%2Ftags&post=6789"}],"curies":[{"name":"wp","href":"https:\/\/api.w.org\/{rel}","templated":true}]}}