{"id":6826,"date":"2024-12-01T15:38:44","date_gmt":"2024-12-01T14:38:44","guid":{"rendered":"https:\/\/wgphoto.pl\/t\/?p=6826"},"modified":"2024-12-01T15:38:44","modified_gmt":"2024-12-01T14:38:44","slug":"miedzynarodowe-budziejowice","status":"publish","type":"post","link":"http:\/\/wgphoto.pl\/t\/?p=6826","title":{"rendered":"Mi\u0119dzynarodowe Budziejowice"},"content":{"rendered":"\n<figure class=\"wp-block-image aligncenter size-full\"><img loading=\"lazy\" decoding=\"async\" width=\"1300\" height=\"870\" src=\"https:\/\/wgphoto.pl\/t\/wp-content\/uploads\/2024\/12\/IMGP6428.jpg\" alt=\"\" class=\"wp-image-6827\" srcset=\"http:\/\/wgphoto.pl\/t\/wp-content\/uploads\/2024\/12\/IMGP6428.jpg 1300w, http:\/\/wgphoto.pl\/t\/wp-content\/uploads\/2024\/12\/IMGP6428-300x201.jpg 300w, http:\/\/wgphoto.pl\/t\/wp-content\/uploads\/2024\/12\/IMGP6428-768x514.jpg 768w\" sizes=\"auto, (max-width: 1300px) 100vw, 1300px\" \/><\/figure>\n\n\n\n<div class=\"wp-block-group has-global-padding is-layout-constrained wp-block-group-is-layout-constrained\">\n<p>Popo\u0142udniowy szczyt na stacji \u010cesk\u00e9 Bud\u011bjovice. Plechacz 242.202-0 pojedzie najprawdopodobniej z poci\u0105giem osobowym 8619 do \u010cesk\u00fdch Velenic, natomiast austriacki Taurus 1116.075-1 z poci\u0105giem przyspieszonym 1935 &#8222;F. A. Gerstner&#8221; do Linzu. 25.08.2010<\/p>\n<\/div>\n","protected":false},"excerpt":{"rendered":"<p>Popo\u0142udniowy szczyt na stacji \u010cesk\u00e9 Bud\u011bjovice. Plechacz 242.202-0 pojedzie najprawdopodobniej z poci\u0105giem osobowym 8619 do \u010cesk\u00fdch Velenic, natomiast austriacki Taurus 1116.075-1 z poci\u0105giem przyspieszonym 1935 &#8222;F. A. Gerstner&#8221; do Linzu. 25.08.2010<\/p>\n","protected":false},"author":1,"featured_media":6827,"comment_status":"open","ping_status":"","sticky":false,"template":"","format":"standard","meta":{"footnotes":""},"categories":[2,86],"tags":[8,308,305,50,307,49,249,11,119,1057,2460],"class_list":["post-6826","post","type-post","status-publish","format-standard","has-post-thumbnail","hentry","category-kolej","category-rok-2010","tag-8","tag-2010-08-25","tag-305","tag-cd","tag-ceske-budejovice","tag-czechy","tag-goscinne-wystepy","tag-obb","tag-siemens-taurus","tag-tab-cz196","tag-tab-cz199"],"_links":{"self":[{"href":"http:\/\/wgphoto.pl\/t\/index.php?rest_route=\/wp\/v2\/posts\/6826","targetHints":{"allow":["GET"]}}],"collection":[{"href":"http:\/\/wgphoto.pl\/t\/index.php?rest_route=\/wp\/v2\/posts"}],"about":[{"href":"http:\/\/wgphoto.pl\/t\/index.php?rest_route=\/wp\/v2\/types\/post"}],"author":[{"embeddable":true,"href":"http:\/\/wgphoto.pl\/t\/index.php?rest_route=\/wp\/v2\/users\/1"}],"replies":[{"embeddable":true,"href":"http:\/\/wgphoto.pl\/t\/index.php?rest_route=%2Fwp%2Fv2%2Fcomments&post=6826"}],"version-history":[{"count":1,"href":"http:\/\/wgphoto.pl\/t\/index.php?rest_route=\/wp\/v2\/posts\/6826\/revisions"}],"predecessor-version":[{"id":6828,"href":"http:\/\/wgphoto.pl\/t\/index.php?rest_route=\/wp\/v2\/posts\/6826\/revisions\/6828"}],"wp:featuredmedia":[{"embeddable":true,"href":"http:\/\/wgphoto.pl\/t\/index.php?rest_route=\/wp\/v2\/media\/6827"}],"wp:attachment":[{"href":"http:\/\/wgphoto.pl\/t\/index.php?rest_route=%2Fwp%2Fv2%2Fmedia&parent=6826"}],"wp:term":[{"taxonomy":"category","embeddable":true,"href":"http:\/\/wgphoto.pl\/t\/index.php?rest_route=%2Fwp%2Fv2%2Fcategories&post=6826"},{"taxonomy":"post_tag","embeddable":true,"href":"http:\/\/wgphoto.pl\/t\/index.php?rest_route=%2Fwp%2Fv2%2Ftags&post=6826"}],"curies":[{"name":"wp","href":"https:\/\/api.w.org\/{rel}","templated":true}]}}