{"id":6829,"date":"2024-12-01T15:39:43","date_gmt":"2024-12-01T14:39:43","guid":{"rendered":"https:\/\/wgphoto.pl\/t\/?p=6829"},"modified":"2024-12-01T15:39:43","modified_gmt":"2024-12-01T14:39:43","slug":"pociag-biznesowy","status":"publish","type":"post","link":"http:\/\/wgphoto.pl\/t\/?p=6829","title":{"rendered":"Poci\u0105g biznesowy"},"content":{"rendered":"\n<figure class=\"wp-block-image aligncenter size-full\"><img loading=\"lazy\" decoding=\"async\" width=\"1300\" height=\"731\" src=\"https:\/\/wgphoto.pl\/t\/wp-content\/uploads\/2024\/12\/0527-22.jpg\" alt=\"\" class=\"wp-image-6830\" srcset=\"http:\/\/wgphoto.pl\/t\/wp-content\/uploads\/2024\/12\/0527-22.jpg 1300w, http:\/\/wgphoto.pl\/t\/wp-content\/uploads\/2024\/12\/0527-22-300x169.jpg 300w, http:\/\/wgphoto.pl\/t\/wp-content\/uploads\/2024\/12\/0527-22-768x432.jpg 768w\" sizes=\"auto, (max-width: 1300px) 100vw, 1300px\" \/><\/figure>\n\n\n\n<div class=\"wp-block-group has-global-padding is-layout-constrained wp-block-group-is-layout-constrained\">\n<p>Odcinek Wroc\u0142aw \u015awiniary &#8211; Szewce. EP09-038 z poc. IC 6101 &#8222;Odra&#8221; relacji Wroc\u0142aw G\u0142\u00f3wny &#8211; Warszawa Wschodnia mija granic\u0119 administracyjn\u0105 Wroc\u0142awia, wiod\u0105c\u0105 wzd\u0142u\u017c Widawy p\u0142yn\u0105cej pod mostem. Ten poci\u0105g stanowi\u0142 presti\u017cowe popo\u0142udniowe po\u0142\u0105czenie Dolnego \u015al\u0105ska ze stolic\u0105 (rano na odwr\u00f3t), maj\u0105cy swoj\u0105 par\u0119 w postaci poci\u0105g\u00f3w IC &#8222;Fredro&#8221;, kt\u00f3re jecha\u0142y o podobnej porze w przeciwnych kierunkach. 20.09.2005<\/p>\n<\/div>\n","protected":false},"excerpt":{"rendered":"<p>Odcinek Wroc\u0142aw \u015awiniary &#8211; Szewce. EP09-038 z poc. IC 6101 &#8222;Odra&#8221; relacji Wroc\u0142aw G\u0142\u00f3wny &#8211; Warszawa Wschodnia mija granic\u0119 administracyjn\u0105 Wroc\u0142awia, wiod\u0105c\u0105 wzd\u0142u\u017c Widawy p\u0142yn\u0105cej pod mostem. Ten poci\u0105g stanowi\u0142 presti\u017cowe popo\u0142udniowe po\u0142\u0105czenie Dolnego \u015al\u0105ska ze stolic\u0105 (rano na odwr\u00f3t), maj\u0105cy swoj\u0105 par\u0119 w postaci poci\u0105g\u00f3w IC &#8222;Fredro&#8221;, kt\u00f3re jecha\u0142y o podobnej porze w przeciwnych [&hellip;]<\/p>\n","protected":false},"author":1,"featured_media":6830,"comment_status":"open","ping_status":"","sticky":false,"template":"","format":"standard","meta":{"footnotes":""},"categories":[62,2,311],"tags":[1848,2461,45,63,27,2462,190,843],"class_list":["post-6829","post","type-post","status-publish","format-standard","has-post-thumbnail","hentry","category-analog","category-kolej","category-rok-2005","tag-2005-09-20","tag-ep09","tag-most","tag-pkp","tag-polska","tag-szewce","tag-tab-pl330","tag-wroclaw-swiniary"],"_links":{"self":[{"href":"http:\/\/wgphoto.pl\/t\/index.php?rest_route=\/wp\/v2\/posts\/6829","targetHints":{"allow":["GET"]}}],"collection":[{"href":"http:\/\/wgphoto.pl\/t\/index.php?rest_route=\/wp\/v2\/posts"}],"about":[{"href":"http:\/\/wgphoto.pl\/t\/index.php?rest_route=\/wp\/v2\/types\/post"}],"author":[{"embeddable":true,"href":"http:\/\/wgphoto.pl\/t\/index.php?rest_route=\/wp\/v2\/users\/1"}],"replies":[{"embeddable":true,"href":"http:\/\/wgphoto.pl\/t\/index.php?rest_route=%2Fwp%2Fv2%2Fcomments&post=6829"}],"version-history":[{"count":1,"href":"http:\/\/wgphoto.pl\/t\/index.php?rest_route=\/wp\/v2\/posts\/6829\/revisions"}],"predecessor-version":[{"id":6831,"href":"http:\/\/wgphoto.pl\/t\/index.php?rest_route=\/wp\/v2\/posts\/6829\/revisions\/6831"}],"wp:featuredmedia":[{"embeddable":true,"href":"http:\/\/wgphoto.pl\/t\/index.php?rest_route=\/wp\/v2\/media\/6830"}],"wp:attachment":[{"href":"http:\/\/wgphoto.pl\/t\/index.php?rest_route=%2Fwp%2Fv2%2Fmedia&parent=6829"}],"wp:term":[{"taxonomy":"category","embeddable":true,"href":"http:\/\/wgphoto.pl\/t\/index.php?rest_route=%2Fwp%2Fv2%2Fcategories&post=6829"},{"taxonomy":"post_tag","embeddable":true,"href":"http:\/\/wgphoto.pl\/t\/index.php?rest_route=%2Fwp%2Fv2%2Ftags&post=6829"}],"curies":[{"name":"wp","href":"https:\/\/api.w.org\/{rel}","templated":true}]}}