{"id":6844,"date":"2024-12-01T15:44:23","date_gmt":"2024-12-01T14:44:23","guid":{"rendered":"https:\/\/wgphoto.pl\/t\/?p=6844"},"modified":"2024-12-01T15:44:23","modified_gmt":"2024-12-01T14:44:23","slug":"helmut-pod-zlota-kopula","status":"publish","type":"post","link":"http:\/\/wgphoto.pl\/t\/?p=6844","title":{"rendered":"Helmut pod z\u0142ot\u0105 kopu\u0142\u0105"},"content":{"rendered":"\n<figure class=\"wp-block-image aligncenter size-full\"><img loading=\"lazy\" decoding=\"async\" width=\"1300\" height=\"861\" src=\"https:\/\/wgphoto.pl\/t\/wp-content\/uploads\/2024\/12\/IMGP5640.jpg\" alt=\"\" class=\"wp-image-6845\" srcset=\"http:\/\/wgphoto.pl\/t\/wp-content\/uploads\/2024\/12\/IMGP5640.jpg 1300w, http:\/\/wgphoto.pl\/t\/wp-content\/uploads\/2024\/12\/IMGP5640-300x199.jpg 300w, http:\/\/wgphoto.pl\/t\/wp-content\/uploads\/2024\/12\/IMGP5640-768x509.jpg 768w\" sizes=\"auto, (max-width: 1300px) 100vw, 1300px\" \/><\/figure>\n\n\n\n<div class=\"wp-block-group has-global-padding is-layout-constrained wp-block-group-is-layout-constrained\">\n<p>Brai\u0142a, skrzy\u017cowanie Bulevardul Doroban\u021bilor i Calea C\u0103l\u0103ra\u0219ilor. Gradecki GT6 279 pod kopu\u0142ami Katedry Narodzenia Pa\u0144skiego. 17.10.2019<\/p>\n<\/div>\n","protected":false},"excerpt":{"rendered":"<p>Brai\u0142a, skrzy\u017cowanie Bulevardul Doroban\u021bilor i Calea C\u0103l\u0103ra\u0219ilor. Gradecki GT6 279 pod kopu\u0142ami Katedry Narodzenia Pa\u0144skiego. 17.10.2019<\/p>\n","protected":false},"author":1,"featured_media":6845,"comment_status":"open","ping_status":"","sticky":false,"template":"","format":"standard","meta":{"footnotes":""},"categories":[136,3],"tags":[576,34,572,573,101,574,575],"class_list":["post-6844","post","type-post","status-publish","format-standard","has-post-thumbnail","hentry","category-rok-2019","category-tramwaj","tag-2019-10-17","tag-architektura","tag-braicar-braila","tag-braila","tag-gt6","tag-rumunia","tag-wakacje-2019"],"_links":{"self":[{"href":"http:\/\/wgphoto.pl\/t\/index.php?rest_route=\/wp\/v2\/posts\/6844","targetHints":{"allow":["GET"]}}],"collection":[{"href":"http:\/\/wgphoto.pl\/t\/index.php?rest_route=\/wp\/v2\/posts"}],"about":[{"href":"http:\/\/wgphoto.pl\/t\/index.php?rest_route=\/wp\/v2\/types\/post"}],"author":[{"embeddable":true,"href":"http:\/\/wgphoto.pl\/t\/index.php?rest_route=\/wp\/v2\/users\/1"}],"replies":[{"embeddable":true,"href":"http:\/\/wgphoto.pl\/t\/index.php?rest_route=%2Fwp%2Fv2%2Fcomments&post=6844"}],"version-history":[{"count":1,"href":"http:\/\/wgphoto.pl\/t\/index.php?rest_route=\/wp\/v2\/posts\/6844\/revisions"}],"predecessor-version":[{"id":6846,"href":"http:\/\/wgphoto.pl\/t\/index.php?rest_route=\/wp\/v2\/posts\/6844\/revisions\/6846"}],"wp:featuredmedia":[{"embeddable":true,"href":"http:\/\/wgphoto.pl\/t\/index.php?rest_route=\/wp\/v2\/media\/6845"}],"wp:attachment":[{"href":"http:\/\/wgphoto.pl\/t\/index.php?rest_route=%2Fwp%2Fv2%2Fmedia&parent=6844"}],"wp:term":[{"taxonomy":"category","embeddable":true,"href":"http:\/\/wgphoto.pl\/t\/index.php?rest_route=%2Fwp%2Fv2%2Fcategories&post=6844"},{"taxonomy":"post_tag","embeddable":true,"href":"http:\/\/wgphoto.pl\/t\/index.php?rest_route=%2Fwp%2Fv2%2Ftags&post=6844"}],"curies":[{"name":"wp","href":"https:\/\/api.w.org\/{rel}","templated":true}]}}