{"id":6850,"date":"2024-12-01T15:46:27","date_gmt":"2024-12-01T14:46:27","guid":{"rendered":"https:\/\/wgphoto.pl\/t\/?p=6850"},"modified":"2024-12-01T15:46:27","modified_gmt":"2024-12-01T14:46:27","slug":"mijanka-pod-katedra","status":"publish","type":"post","link":"http:\/\/wgphoto.pl\/t\/?p=6850","title":{"rendered":"Mijanka pod katedr\u0105"},"content":{"rendered":"\n<figure class=\"wp-block-image aligncenter size-full\"><img loading=\"lazy\" decoding=\"async\" width=\"773\" height=\"1000\" src=\"https:\/\/wgphoto.pl\/t\/wp-content\/uploads\/2024\/12\/0821-33.jpg\" alt=\"\" class=\"wp-image-6851\" srcset=\"http:\/\/wgphoto.pl\/t\/wp-content\/uploads\/2024\/12\/0821-33.jpg 773w, http:\/\/wgphoto.pl\/t\/wp-content\/uploads\/2024\/12\/0821-33-232x300.jpg 232w, http:\/\/wgphoto.pl\/t\/wp-content\/uploads\/2024\/12\/0821-33-768x994.jpg 768w\" sizes=\"auto, (max-width: 773px) 100vw, 773px\" \/><\/figure>\n\n\n\n<div class=\"wp-block-group has-global-padding is-layout-constrained wp-block-group-is-layout-constrained\">\n<p>Praga, ul. Letensk\u00e1. Sk\u0142ad T3SUCS 7082+7081 mija si\u0119 z b\u0142yszcz\u0105c\u0105 \u0160kod\u0105 14T. W tle wida\u0107 Katedr\u0119 \u015aw. Wita. 11.11.2008<\/p>\n<\/div>\n","protected":false},"excerpt":{"rendered":"<p>Praga, ul. Letensk\u00e1. Sk\u0142ad T3SUCS 7082+7081 mija si\u0119 z b\u0142yszcz\u0105c\u0105 \u0160kod\u0105 14T. W tle wida\u0107 Katedr\u0119 \u015aw. Wita. 11.11.2008<\/p>\n","protected":false},"author":1,"featured_media":6851,"comment_status":"open","ping_status":"","sticky":false,"template":"","format":"standard","meta":{"footnotes":""},"categories":[62,128,120,3],"tags":[2057,49,1049,389,52,1496,216,1011],"class_list":["post-6850","post","type-post","status-publish","format-standard","has-post-thumbnail","hentry","category-analog","category-pionowe","category-rok-2008","category-tramwaj","tag-2008-11-11","tag-czechy","tag-dp-praha","tag-mijanka","tag-praga","tag-skoda-14t","tag-skoda-elektra","tag-tatra-t3"],"_links":{"self":[{"href":"http:\/\/wgphoto.pl\/t\/index.php?rest_route=\/wp\/v2\/posts\/6850","targetHints":{"allow":["GET"]}}],"collection":[{"href":"http:\/\/wgphoto.pl\/t\/index.php?rest_route=\/wp\/v2\/posts"}],"about":[{"href":"http:\/\/wgphoto.pl\/t\/index.php?rest_route=\/wp\/v2\/types\/post"}],"author":[{"embeddable":true,"href":"http:\/\/wgphoto.pl\/t\/index.php?rest_route=\/wp\/v2\/users\/1"}],"replies":[{"embeddable":true,"href":"http:\/\/wgphoto.pl\/t\/index.php?rest_route=%2Fwp%2Fv2%2Fcomments&post=6850"}],"version-history":[{"count":1,"href":"http:\/\/wgphoto.pl\/t\/index.php?rest_route=\/wp\/v2\/posts\/6850\/revisions"}],"predecessor-version":[{"id":6852,"href":"http:\/\/wgphoto.pl\/t\/index.php?rest_route=\/wp\/v2\/posts\/6850\/revisions\/6852"}],"wp:featuredmedia":[{"embeddable":true,"href":"http:\/\/wgphoto.pl\/t\/index.php?rest_route=\/wp\/v2\/media\/6851"}],"wp:attachment":[{"href":"http:\/\/wgphoto.pl\/t\/index.php?rest_route=%2Fwp%2Fv2%2Fmedia&parent=6850"}],"wp:term":[{"taxonomy":"category","embeddable":true,"href":"http:\/\/wgphoto.pl\/t\/index.php?rest_route=%2Fwp%2Fv2%2Fcategories&post=6850"},{"taxonomy":"post_tag","embeddable":true,"href":"http:\/\/wgphoto.pl\/t\/index.php?rest_route=%2Fwp%2Fv2%2Ftags&post=6850"}],"curies":[{"name":"wp","href":"https:\/\/api.w.org\/{rel}","templated":true}]}}