{"id":6862,"date":"2024-12-01T15:51:37","date_gmt":"2024-12-01T14:51:37","guid":{"rendered":"https:\/\/wgphoto.pl\/t\/?p=6862"},"modified":"2024-12-01T15:51:37","modified_gmt":"2024-12-01T14:51:37","slug":"kolejowy-koniec-slowacji","status":"publish","type":"post","link":"http:\/\/wgphoto.pl\/t\/?p=6862","title":{"rendered":"Kolejowy koniec S\u0142owacji"},"content":{"rendered":"\n<figure class=\"wp-block-image aligncenter size-full\"><img loading=\"lazy\" decoding=\"async\" width=\"1300\" height=\"861\" src=\"https:\/\/wgphoto.pl\/t\/wp-content\/uploads\/2024\/12\/IMGP9476.jpg\" alt=\"\" class=\"wp-image-6863\" srcset=\"http:\/\/wgphoto.pl\/t\/wp-content\/uploads\/2024\/12\/IMGP9476.jpg 1300w, http:\/\/wgphoto.pl\/t\/wp-content\/uploads\/2024\/12\/IMGP9476-300x199.jpg 300w, http:\/\/wgphoto.pl\/t\/wp-content\/uploads\/2024\/12\/IMGP9476-768x509.jpg 768w\" sizes=\"auto, (max-width: 1300px) 100vw, 1300px\" \/><\/figure>\n\n\n\n<div class=\"wp-block-group has-global-padding is-layout-constrained wp-block-group-is-layout-constrained\">\n<p>Stak\u010d\u00edn jest najbardziej na wsch\u00f3d wysuni\u0119t\u0105 stacj\u0105 kolejow\u0105 na S\u0142owacji, dalej ju\u017c s\u0105 tylko Bieszczady. W takich okoliczno\u015bciach przyrody jednostka 861.020 sko\u0144czy\u0142a bieg jako poci\u0105g osobowy z Humennego, a manewry przy zdawce z drewnem wykonuje bardotka 752.048-9. 13.08.2020<\/p>\n<\/div>\n","protected":false},"excerpt":{"rendered":"<p>Stak\u010d\u00edn jest najbardziej na wsch\u00f3d wysuni\u0119t\u0105 stacj\u0105 kolejow\u0105 na S\u0142owacji, dalej ju\u017c s\u0105 tylko Bieszczady. W takich okoliczno\u015bciach przyrody jednostka 861.020 sko\u0144czy\u0142a bieg jako poci\u0105g osobowy z Humennego, a manewry przy zdawce z drewnem wykonuje bardotka 752.048-9. 13.08.2020<\/p>\n","protected":false},"author":1,"featured_media":6863,"comment_status":"open","ping_status":"","sticky":false,"template":"","format":"standard","meta":{"footnotes":""},"categories":[2,676],"tags":[2469,467,2467,114,94,678,675,2468,469],"class_list":["post-6862","post","type-post","status-publish","format-standard","has-post-thumbnail","hentry","category-kolej","category-rok-2020","tag-2020-08-13","tag-467","tag-2467","tag-gory","tag-na-kolejowym-koncu-swiata","tag-slovensko-uhersko-2020","tag-slowacja","tag-stakcin","tag-zssk"],"_links":{"self":[{"href":"http:\/\/wgphoto.pl\/t\/index.php?rest_route=\/wp\/v2\/posts\/6862","targetHints":{"allow":["GET"]}}],"collection":[{"href":"http:\/\/wgphoto.pl\/t\/index.php?rest_route=\/wp\/v2\/posts"}],"about":[{"href":"http:\/\/wgphoto.pl\/t\/index.php?rest_route=\/wp\/v2\/types\/post"}],"author":[{"embeddable":true,"href":"http:\/\/wgphoto.pl\/t\/index.php?rest_route=\/wp\/v2\/users\/1"}],"replies":[{"embeddable":true,"href":"http:\/\/wgphoto.pl\/t\/index.php?rest_route=%2Fwp%2Fv2%2Fcomments&post=6862"}],"version-history":[{"count":1,"href":"http:\/\/wgphoto.pl\/t\/index.php?rest_route=\/wp\/v2\/posts\/6862\/revisions"}],"predecessor-version":[{"id":6864,"href":"http:\/\/wgphoto.pl\/t\/index.php?rest_route=\/wp\/v2\/posts\/6862\/revisions\/6864"}],"wp:featuredmedia":[{"embeddable":true,"href":"http:\/\/wgphoto.pl\/t\/index.php?rest_route=\/wp\/v2\/media\/6863"}],"wp:attachment":[{"href":"http:\/\/wgphoto.pl\/t\/index.php?rest_route=%2Fwp%2Fv2%2Fmedia&parent=6862"}],"wp:term":[{"taxonomy":"category","embeddable":true,"href":"http:\/\/wgphoto.pl\/t\/index.php?rest_route=%2Fwp%2Fv2%2Fcategories&post=6862"},{"taxonomy":"post_tag","embeddable":true,"href":"http:\/\/wgphoto.pl\/t\/index.php?rest_route=%2Fwp%2Fv2%2Ftags&post=6862"}],"curies":[{"name":"wp","href":"https:\/\/api.w.org\/{rel}","templated":true}]}}