{"id":6887,"date":"2024-12-01T18:00:14","date_gmt":"2024-12-01T17:00:14","guid":{"rendered":"https:\/\/wgphoto.pl\/t\/?p=6887"},"modified":"2024-12-01T18:00:14","modified_gmt":"2024-12-01T17:00:14","slug":"z-aeroporto-do-porto","status":"publish","type":"post","link":"http:\/\/wgphoto.pl\/t\/?p=6887","title":{"rendered":"Z Aeroporto do Porto"},"content":{"rendered":"\n<figure class=\"wp-block-image aligncenter size-full\"><img loading=\"lazy\" decoding=\"async\" width=\"1200\" height=\"800\" src=\"https:\/\/wgphoto.pl\/t\/wp-content\/uploads\/2024\/12\/IMGP6294.jpg\" alt=\"\" class=\"wp-image-6888\" srcset=\"http:\/\/wgphoto.pl\/t\/wp-content\/uploads\/2024\/12\/IMGP6294.jpg 1200w, http:\/\/wgphoto.pl\/t\/wp-content\/uploads\/2024\/12\/IMGP6294-300x200.jpg 300w, http:\/\/wgphoto.pl\/t\/wp-content\/uploads\/2024\/12\/IMGP6294-768x512.jpg 768w\" sizes=\"auto, (max-width: 1200px) 100vw, 1200px\" \/><\/figure>\n\n\n\n<div class=\"wp-block-group has-global-padding is-layout-constrained wp-block-group-is-layout-constrained\">\n<p>Zupe\u0142nie zapomnia\u0142em, \u017ce ju\u017c tu kiedy\u015b wrzuci\u0142em foto tramwaju pod terminalem lotniska w Porto. Na szcz\u0119\u015bcie nowsze foto zrobi\u0142em od drugiej strony. Ale kolorystyka kadru nadal jest zagadnieniem trudnym ze wzgl\u0119du niebieskawe oszklenie hali peronowej. 19.02.2018<\/p>\n<\/div>\n","protected":false},"excerpt":{"rendered":"<p>Zupe\u0142nie zapomnia\u0142em, \u017ce ju\u017c tu kiedy\u015b wrzuci\u0142em foto tramwaju pod terminalem lotniska w Porto. Na szcz\u0119\u015bcie nowsze foto zrobi\u0142em od drugiej strony. Ale kolorystyka kadru nadal jest zagadnieniem trudnym ze wzgl\u0119du niebieskawe oszklenie hali peronowej. 19.02.2018<\/p>\n","protected":false},"author":1,"featured_media":6888,"comment_status":"open","ping_status":"","sticky":false,"template":"","format":"standard","meta":{"footnotes":""},"categories":[4,156,3],"tags":[1185,502,179,504,503,297,505],"class_list":["post-6887","post","type-post","status-publish","format-standard","has-post-thumbnail","hentry","category-metro","category-rok-2018","category-tramwaj","tag-2018-02-19","tag-eurotram","tag-hala-peronowa","tag-metro-do-porto","tag-porto","tag-portugalia","tag-portugalia-2018"],"_links":{"self":[{"href":"http:\/\/wgphoto.pl\/t\/index.php?rest_route=\/wp\/v2\/posts\/6887","targetHints":{"allow":["GET"]}}],"collection":[{"href":"http:\/\/wgphoto.pl\/t\/index.php?rest_route=\/wp\/v2\/posts"}],"about":[{"href":"http:\/\/wgphoto.pl\/t\/index.php?rest_route=\/wp\/v2\/types\/post"}],"author":[{"embeddable":true,"href":"http:\/\/wgphoto.pl\/t\/index.php?rest_route=\/wp\/v2\/users\/1"}],"replies":[{"embeddable":true,"href":"http:\/\/wgphoto.pl\/t\/index.php?rest_route=%2Fwp%2Fv2%2Fcomments&post=6887"}],"version-history":[{"count":1,"href":"http:\/\/wgphoto.pl\/t\/index.php?rest_route=\/wp\/v2\/posts\/6887\/revisions"}],"predecessor-version":[{"id":6889,"href":"http:\/\/wgphoto.pl\/t\/index.php?rest_route=\/wp\/v2\/posts\/6887\/revisions\/6889"}],"wp:featuredmedia":[{"embeddable":true,"href":"http:\/\/wgphoto.pl\/t\/index.php?rest_route=\/wp\/v2\/media\/6888"}],"wp:attachment":[{"href":"http:\/\/wgphoto.pl\/t\/index.php?rest_route=%2Fwp%2Fv2%2Fmedia&parent=6887"}],"wp:term":[{"taxonomy":"category","embeddable":true,"href":"http:\/\/wgphoto.pl\/t\/index.php?rest_route=%2Fwp%2Fv2%2Fcategories&post=6887"},{"taxonomy":"post_tag","embeddable":true,"href":"http:\/\/wgphoto.pl\/t\/index.php?rest_route=%2Fwp%2Fv2%2Ftags&post=6887"}],"curies":[{"name":"wp","href":"https:\/\/api.w.org\/{rel}","templated":true}]}}