{"id":6893,"date":"2024-12-01T18:05:23","date_gmt":"2024-12-01T17:05:23","guid":{"rendered":"https:\/\/wgphoto.pl\/t\/?p=6893"},"modified":"2024-12-01T18:05:23","modified_gmt":"2024-12-01T17:05:23","slug":"z-trolejbusu-do-szynobusu","status":"publish","type":"post","link":"http:\/\/wgphoto.pl\/t\/?p=6893","title":{"rendered":"Z trolejbusu do szynobusu"},"content":{"rendered":"\n<figure class=\"wp-block-image aligncenter size-full\"><img loading=\"lazy\" decoding=\"async\" width=\"1200\" height=\"800\" src=\"https:\/\/wgphoto.pl\/t\/wp-content\/uploads\/2024\/12\/IMGP7261.jpg\" alt=\"\" class=\"wp-image-6894\" srcset=\"http:\/\/wgphoto.pl\/t\/wp-content\/uploads\/2024\/12\/IMGP7261.jpg 1200w, http:\/\/wgphoto.pl\/t\/wp-content\/uploads\/2024\/12\/IMGP7261-300x200.jpg 300w, http:\/\/wgphoto.pl\/t\/wp-content\/uploads\/2024\/12\/IMGP7261-768x512.jpg 768w\" sizes=\"auto, (max-width: 1200px) 100vw, 1200px\" \/><\/figure>\n\n\n\n<div class=\"wp-block-group has-global-padding is-layout-constrained wp-block-group-is-layout-constrained\">\n<p>Opava-v\u00fdchod jest czo\u0142ow\u0105 stacj\u0105 zmodernizowan\u0105 w ramach elektryfikacji linii do Ostravy-Svinov. Tutejsz\u0105 ciekawostk\u0105 jest wsp\u00f3lny peron kolejowo &#8211; trolejbusowy. Umieszczony przy &#8222;miejskiej&#8221; kraw\u0119dzi wy\u015bwietlacz odnosi si\u0119 do toru pi\u0119tnastego, ko\u0144cz\u0105cego si\u0119 przed zatok\u0105 przystankow\u0105. A g\u0142\u00f3wny bohater zdj\u0119cia, motorak 809 596-0, pojedzie jako poci\u0105g osobowy 23406 do Jakartovic. 19.07.2009<\/p>\n<\/div>\n","protected":false},"excerpt":{"rendered":"<p>Opava-v\u00fdchod jest czo\u0142ow\u0105 stacj\u0105 zmodernizowan\u0105 w ramach elektryfikacji linii do Ostravy-Svinov. Tutejsz\u0105 ciekawostk\u0105 jest wsp\u00f3lny peron kolejowo &#8211; trolejbusowy. Umieszczony przy &#8222;miejskiej&#8221; kraw\u0119dzi wy\u015bwietlacz odnosi si\u0119 do toru pi\u0119tnastego, ko\u0144cz\u0105cego si\u0119 przed zatok\u0105 przystankow\u0105. A g\u0142\u00f3wny bohater zdj\u0119cia, motorak 809 596-0, pojedzie jako poci\u0105g osobowy 23406 do Jakartovic. 19.07.2009<\/p>\n","protected":false},"author":1,"featured_media":6894,"comment_status":"open","ping_status":"","sticky":false,"template":"","format":"standard","meta":{"footnotes":""},"categories":[2,169],"tags":[1146,1229,50,49,94,2477,24,219,2479,2478],"class_list":["post-6893","post","type-post","status-publish","format-standard","has-post-thumbnail","hentry","category-kolej","category-rok-2009","tag-2009-07-19","tag-1229","tag-cd","tag-czechy","tag-na-kolejowym-koncu-swiata","tag-opava-vychod","tag-perony","tag-przystanek","tag-tab-cz314","tag-trolejbus"],"_links":{"self":[{"href":"http:\/\/wgphoto.pl\/t\/index.php?rest_route=\/wp\/v2\/posts\/6893","targetHints":{"allow":["GET"]}}],"collection":[{"href":"http:\/\/wgphoto.pl\/t\/index.php?rest_route=\/wp\/v2\/posts"}],"about":[{"href":"http:\/\/wgphoto.pl\/t\/index.php?rest_route=\/wp\/v2\/types\/post"}],"author":[{"embeddable":true,"href":"http:\/\/wgphoto.pl\/t\/index.php?rest_route=\/wp\/v2\/users\/1"}],"replies":[{"embeddable":true,"href":"http:\/\/wgphoto.pl\/t\/index.php?rest_route=%2Fwp%2Fv2%2Fcomments&post=6893"}],"version-history":[{"count":1,"href":"http:\/\/wgphoto.pl\/t\/index.php?rest_route=\/wp\/v2\/posts\/6893\/revisions"}],"predecessor-version":[{"id":6895,"href":"http:\/\/wgphoto.pl\/t\/index.php?rest_route=\/wp\/v2\/posts\/6893\/revisions\/6895"}],"wp:featuredmedia":[{"embeddable":true,"href":"http:\/\/wgphoto.pl\/t\/index.php?rest_route=\/wp\/v2\/media\/6894"}],"wp:attachment":[{"href":"http:\/\/wgphoto.pl\/t\/index.php?rest_route=%2Fwp%2Fv2%2Fmedia&parent=6893"}],"wp:term":[{"taxonomy":"category","embeddable":true,"href":"http:\/\/wgphoto.pl\/t\/index.php?rest_route=%2Fwp%2Fv2%2Fcategories&post=6893"},{"taxonomy":"post_tag","embeddable":true,"href":"http:\/\/wgphoto.pl\/t\/index.php?rest_route=%2Fwp%2Fv2%2Ftags&post=6893"}],"curies":[{"name":"wp","href":"https:\/\/api.w.org\/{rel}","templated":true}]}}