{"id":6896,"date":"2024-12-01T18:06:48","date_gmt":"2024-12-01T17:06:48","guid":{"rendered":"https:\/\/wgphoto.pl\/t\/?p=6896"},"modified":"2025-02-04T18:14:39","modified_gmt":"2025-02-04T17:14:39","slug":"nie-od-razu-krakow-zbudowano","status":"publish","type":"post","link":"http:\/\/wgphoto.pl\/t\/?p=6896","title":{"rendered":"Nie od razu Krak\u00f3w zbudowano"},"content":{"rendered":"\n<figure class=\"wp-block-image aligncenter size-full\"><img loading=\"lazy\" decoding=\"async\" width=\"1200\" height=\"800\" src=\"https:\/\/wgphoto.pl\/t\/wp-content\/uploads\/2024\/12\/IMGP1257.jpg\" alt=\"\" class=\"wp-image-6897\" srcset=\"http:\/\/wgphoto.pl\/t\/wp-content\/uploads\/2024\/12\/IMGP1257.jpg 1200w, http:\/\/wgphoto.pl\/t\/wp-content\/uploads\/2024\/12\/IMGP1257-300x200.jpg 300w, http:\/\/wgphoto.pl\/t\/wp-content\/uploads\/2024\/12\/IMGP1257-768x512.jpg 768w\" sizes=\"auto, (max-width: 1200px) 100vw, 1200px\" \/><\/figure>\n\n\n\n<div class=\"wp-block-group has-global-padding is-layout-constrained wp-block-group-is-layout-constrained\">\n<p>Krak\u00f3w, ul. Grzeg\u00f3rzecka. G\u00f3r\u0105 przebiega tymczasowo jednotorowy szlak z Krakowa G\u0142\u00f3wnego do P\u0142aszowa, kt\u00f3rym niestety nie chcia\u0142 przejecha\u0107 \u017caden poci\u0105g. 23.09.2018<\/p>\n<\/div>\n","protected":false},"excerpt":{"rendered":"<p>Krak\u00f3w, ul. Grzeg\u00f3rzecka. G\u00f3r\u0105 przebiega tymczasowo jednotorowy szlak z Krakowa G\u0142\u00f3wnego do P\u0142aszowa, kt\u00f3rym niestety nie chcia\u0142 przejecha\u0107 \u017caden poci\u0105g. 23.09.2018<\/p>\n","protected":false},"author":1,"featured_media":6897,"comment_status":"open","ping_status":"","sticky":false,"template":"","format":"standard","meta":{"footnotes":""},"categories":[156,3],"tags":[745,1487,3114,238,664,45,663,27],"class_list":["post-6896","post","type-post","status-publish","format-standard","has-post-thumbnail","hentry","category-rok-2018","category-tramwaj","tag-budowa","tag-e6","tag-eu8n","tag-gt8","tag-krakow","tag-most","tag-mpk-krakow","tag-polska"],"_links":{"self":[{"href":"http:\/\/wgphoto.pl\/t\/index.php?rest_route=\/wp\/v2\/posts\/6896","targetHints":{"allow":["GET"]}}],"collection":[{"href":"http:\/\/wgphoto.pl\/t\/index.php?rest_route=\/wp\/v2\/posts"}],"about":[{"href":"http:\/\/wgphoto.pl\/t\/index.php?rest_route=\/wp\/v2\/types\/post"}],"author":[{"embeddable":true,"href":"http:\/\/wgphoto.pl\/t\/index.php?rest_route=\/wp\/v2\/users\/1"}],"replies":[{"embeddable":true,"href":"http:\/\/wgphoto.pl\/t\/index.php?rest_route=%2Fwp%2Fv2%2Fcomments&post=6896"}],"version-history":[{"count":1,"href":"http:\/\/wgphoto.pl\/t\/index.php?rest_route=\/wp\/v2\/posts\/6896\/revisions"}],"predecessor-version":[{"id":6898,"href":"http:\/\/wgphoto.pl\/t\/index.php?rest_route=\/wp\/v2\/posts\/6896\/revisions\/6898"}],"wp:featuredmedia":[{"embeddable":true,"href":"http:\/\/wgphoto.pl\/t\/index.php?rest_route=\/wp\/v2\/media\/6897"}],"wp:attachment":[{"href":"http:\/\/wgphoto.pl\/t\/index.php?rest_route=%2Fwp%2Fv2%2Fmedia&parent=6896"}],"wp:term":[{"taxonomy":"category","embeddable":true,"href":"http:\/\/wgphoto.pl\/t\/index.php?rest_route=%2Fwp%2Fv2%2Fcategories&post=6896"},{"taxonomy":"post_tag","embeddable":true,"href":"http:\/\/wgphoto.pl\/t\/index.php?rest_route=%2Fwp%2Fv2%2Ftags&post=6896"}],"curies":[{"name":"wp","href":"https:\/\/api.w.org\/{rel}","templated":true}]}}