{"id":6899,"date":"2024-12-01T18:08:23","date_gmt":"2024-12-01T17:08:23","guid":{"rendered":"https:\/\/wgphoto.pl\/t\/?p=6899"},"modified":"2024-12-01T18:08:41","modified_gmt":"2024-12-01T17:08:41","slug":"dobrze-jest-posiedziec-przy-bobrze","status":"publish","type":"post","link":"http:\/\/wgphoto.pl\/t\/?p=6899","title":{"rendered":"Dobrze jest posiedzie\u0107 przy Bobrze"},"content":{"rendered":"\n<figure class=\"wp-block-image aligncenter size-full\"><img loading=\"lazy\" decoding=\"async\" width=\"1200\" height=\"795\" src=\"https:\/\/wgphoto.pl\/t\/wp-content\/uploads\/2024\/12\/IMGP2775.jpg\" alt=\"\" class=\"wp-image-6900\" srcset=\"http:\/\/wgphoto.pl\/t\/wp-content\/uploads\/2024\/12\/IMGP2775.jpg 1200w, http:\/\/wgphoto.pl\/t\/wp-content\/uploads\/2024\/12\/IMGP2775-300x199.jpg 300w, http:\/\/wgphoto.pl\/t\/wp-content\/uploads\/2024\/12\/IMGP2775-768x509.jpg 768w\" sizes=\"auto, (max-width: 1200px) 100vw, 1200px\" \/><\/figure>\n\n\n\n<div class=\"wp-block-group has-global-padding is-layout-constrained wp-block-group-is-layout-constrained\">\n<p>\u2026cho\u0107 niekt\u00f3rzy wol\u0105 przy \u017bubrze. \ud83d\ude09 Poci\u0105g osobowy KD p\u0119dzi na zach\u00f3d przez znany most w Boles\u0142awcu. 05.09.2017<\/p>\n<\/div>\n","protected":false},"excerpt":{"rendered":"<p>\u2026cho\u0107 niekt\u00f3rzy wol\u0105 przy \u017bubrze. \ud83d\ude09 Poci\u0105g osobowy KD p\u0119dzi na zach\u00f3d przez znany most w Boles\u0142awcu. 05.09.2017<\/p>\n","protected":false},"author":1,"featured_media":6900,"comment_status":"open","ping_status":"","sticky":false,"template":"","format":"standard","meta":{"footnotes":""},"categories":[2,368],"tags":[1810,659,1811,402,45,404,162,27,73,233],"class_list":["post-6899","post","type-post","status-publish","format-standard","has-post-thumbnail","hentry","category-kolej","category-rok-2017","tag-2017-09-05","tag-31we","tag-boleslawiec","tag-kd","tag-most","tag-newag-impuls","tag-niebo","tag-polska","tag-rzeka","tag-tab-pl260"],"_links":{"self":[{"href":"http:\/\/wgphoto.pl\/t\/index.php?rest_route=\/wp\/v2\/posts\/6899","targetHints":{"allow":["GET"]}}],"collection":[{"href":"http:\/\/wgphoto.pl\/t\/index.php?rest_route=\/wp\/v2\/posts"}],"about":[{"href":"http:\/\/wgphoto.pl\/t\/index.php?rest_route=\/wp\/v2\/types\/post"}],"author":[{"embeddable":true,"href":"http:\/\/wgphoto.pl\/t\/index.php?rest_route=\/wp\/v2\/users\/1"}],"replies":[{"embeddable":true,"href":"http:\/\/wgphoto.pl\/t\/index.php?rest_route=%2Fwp%2Fv2%2Fcomments&post=6899"}],"version-history":[{"count":1,"href":"http:\/\/wgphoto.pl\/t\/index.php?rest_route=\/wp\/v2\/posts\/6899\/revisions"}],"predecessor-version":[{"id":6901,"href":"http:\/\/wgphoto.pl\/t\/index.php?rest_route=\/wp\/v2\/posts\/6899\/revisions\/6901"}],"wp:featuredmedia":[{"embeddable":true,"href":"http:\/\/wgphoto.pl\/t\/index.php?rest_route=\/wp\/v2\/media\/6900"}],"wp:attachment":[{"href":"http:\/\/wgphoto.pl\/t\/index.php?rest_route=%2Fwp%2Fv2%2Fmedia&parent=6899"}],"wp:term":[{"taxonomy":"category","embeddable":true,"href":"http:\/\/wgphoto.pl\/t\/index.php?rest_route=%2Fwp%2Fv2%2Fcategories&post=6899"},{"taxonomy":"post_tag","embeddable":true,"href":"http:\/\/wgphoto.pl\/t\/index.php?rest_route=%2Fwp%2Fv2%2Ftags&post=6899"}],"curies":[{"name":"wp","href":"https:\/\/api.w.org\/{rel}","templated":true}]}}