{"id":6934,"date":"2024-12-01T18:42:18","date_gmt":"2024-12-01T17:42:18","guid":{"rendered":"https:\/\/wgphoto.pl\/t\/?p=6934"},"modified":"2024-12-01T18:42:18","modified_gmt":"2024-12-01T17:42:18","slug":"plechac-unplugged","status":"publish","type":"post","link":"http:\/\/wgphoto.pl\/t\/?p=6934","title":{"rendered":"Plech\u00e1\u010d unplugged"},"content":{"rendered":"\n<figure class=\"wp-block-image aligncenter size-full\"><img loading=\"lazy\" decoding=\"async\" width=\"1200\" height=\"803\" src=\"https:\/\/wgphoto.pl\/t\/wp-content\/uploads\/2024\/12\/IMGP0290.jpg\" alt=\"\" class=\"wp-image-6935\" srcset=\"http:\/\/wgphoto.pl\/t\/wp-content\/uploads\/2024\/12\/IMGP0290.jpg 1200w, http:\/\/wgphoto.pl\/t\/wp-content\/uploads\/2024\/12\/IMGP0290-300x201.jpg 300w, http:\/\/wgphoto.pl\/t\/wp-content\/uploads\/2024\/12\/IMGP0290-768x514.jpg 768w\" sizes=\"auto, (max-width: 1200px) 100vw, 1200px\" \/><\/figure>\n\n\n\n<div class=\"wp-block-group has-global-padding is-layout-constrained wp-block-group-is-layout-constrained\">\n<p>Poci\u0105g osobowy 7016 relacji Kl\u00e1\u0161terec nad Oh\u0159\u00ed &#8211; Cheb pokonuje bezpr\u0105dowo przekop na odcinku Nov\u00e9 Sedlo u Lokte &#8211; Kr\u00e1lovsk\u00e9 Po\u0159\u00ed\u010d\u00ed. Prawie jak mi\u0119dzy Wa\u0142brzychem G\u0142\u00f3wnym i Boguszowem-Gorcami Wsch\u00f3d. \ud83d\ude09 2011-04-13<\/p>\n<\/div>\n","protected":false},"excerpt":{"rendered":"<p>Poci\u0105g osobowy 7016 relacji Kl\u00e1\u0161terec nad Oh\u0159\u00ed &#8211; Cheb pokonuje bezpr\u0105dowo przekop na odcinku Nov\u00e9 Sedlo u Lokte &#8211; Kr\u00e1lovsk\u00e9 Po\u0159\u00ed\u010d\u00ed. Prawie jak mi\u0119dzy Wa\u0142brzychem G\u0142\u00f3wnym i Boguszowem-Gorcami Wsch\u00f3d. \ud83d\ude09 2011-04-13<\/p>\n","protected":false},"author":1,"featured_media":6935,"comment_status":"open","ping_status":"","sticky":false,"template":"","format":"standard","meta":{"footnotes":""},"categories":[2,77],"tags":[752,305,50,49,751,750,244,421],"class_list":["post-6934","post","type-post","status-publish","format-standard","has-post-thumbnail","hentry","category-kolej","category-rok-2011","tag-2011-04-13","tag-305","tag-cd","tag-czechy","tag-kralovske-porici","tag-nove-sedlo-u-lokte","tag-skaly","tag-tab-cz140"],"_links":{"self":[{"href":"http:\/\/wgphoto.pl\/t\/index.php?rest_route=\/wp\/v2\/posts\/6934","targetHints":{"allow":["GET"]}}],"collection":[{"href":"http:\/\/wgphoto.pl\/t\/index.php?rest_route=\/wp\/v2\/posts"}],"about":[{"href":"http:\/\/wgphoto.pl\/t\/index.php?rest_route=\/wp\/v2\/types\/post"}],"author":[{"embeddable":true,"href":"http:\/\/wgphoto.pl\/t\/index.php?rest_route=\/wp\/v2\/users\/1"}],"replies":[{"embeddable":true,"href":"http:\/\/wgphoto.pl\/t\/index.php?rest_route=%2Fwp%2Fv2%2Fcomments&post=6934"}],"version-history":[{"count":1,"href":"http:\/\/wgphoto.pl\/t\/index.php?rest_route=\/wp\/v2\/posts\/6934\/revisions"}],"predecessor-version":[{"id":6936,"href":"http:\/\/wgphoto.pl\/t\/index.php?rest_route=\/wp\/v2\/posts\/6934\/revisions\/6936"}],"wp:featuredmedia":[{"embeddable":true,"href":"http:\/\/wgphoto.pl\/t\/index.php?rest_route=\/wp\/v2\/media\/6935"}],"wp:attachment":[{"href":"http:\/\/wgphoto.pl\/t\/index.php?rest_route=%2Fwp%2Fv2%2Fmedia&parent=6934"}],"wp:term":[{"taxonomy":"category","embeddable":true,"href":"http:\/\/wgphoto.pl\/t\/index.php?rest_route=%2Fwp%2Fv2%2Fcategories&post=6934"},{"taxonomy":"post_tag","embeddable":true,"href":"http:\/\/wgphoto.pl\/t\/index.php?rest_route=%2Fwp%2Fv2%2Ftags&post=6934"}],"curies":[{"name":"wp","href":"https:\/\/api.w.org\/{rel}","templated":true}]}}