{"id":6937,"date":"2024-12-01T18:44:49","date_gmt":"2024-12-01T17:44:49","guid":{"rendered":"https:\/\/wgphoto.pl\/t\/?p=6937"},"modified":"2024-12-01T18:44:49","modified_gmt":"2024-12-01T17:44:49","slug":"tramwajem-przez-miejska-dzungle","status":"publish","type":"post","link":"http:\/\/wgphoto.pl\/t\/?p=6937","title":{"rendered":"Tramwajem przez (miejsk\u0105) d\u017cungl\u0119"},"content":{"rendered":"\n<figure class=\"wp-block-image aligncenter size-full\"><img loading=\"lazy\" decoding=\"async\" width=\"1200\" height=\"803\" src=\"https:\/\/wgphoto.pl\/t\/wp-content\/uploads\/2024\/12\/IMGP5615.jpg\" alt=\"\" class=\"wp-image-6938\" srcset=\"http:\/\/wgphoto.pl\/t\/wp-content\/uploads\/2024\/12\/IMGP5615.jpg 1200w, http:\/\/wgphoto.pl\/t\/wp-content\/uploads\/2024\/12\/IMGP5615-300x201.jpg 300w, http:\/\/wgphoto.pl\/t\/wp-content\/uploads\/2024\/12\/IMGP5615-768x514.jpg 768w\" sizes=\"auto, (max-width: 1200px) 100vw, 1200px\" \/><\/figure>\n\n\n\n<div class=\"wp-block-group has-global-padding is-layout-constrained wp-block-group-is-layout-constrained\">\n<p>Gospodarcza Tatra przemierza poro\u015bni\u0119t\u0105 bujn\u0105 ro\u015blinno\u015bci\u0105 ulic\u0119 Ni\u017cynsk\u0105 w Odessie. 06.08.2010<\/p>\n<\/div>\n","protected":false},"excerpt":{"rendered":"<p>Gospodarcza Tatra przemierza poro\u015bni\u0119t\u0105 bujn\u0105 ro\u015blinno\u015bci\u0105 ulic\u0119 Ni\u017cynsk\u0105 w Odessie. 06.08.2010<\/p>\n","protected":false},"author":1,"featured_media":6938,"comment_status":"open","ping_status":"","sticky":false,"template":"","format":"standard","meta":{"footnotes":""},"categories":[86,3],"tags":[1632,1633,1113,1011,453],"class_list":["post-6937","post","type-post","status-publish","format-standard","has-post-thumbnail","hentry","category-rok-2010","category-tramwaj","tag-2010-08-06","tag-odessa","tag-roslinnosc","tag-tatra-t3","tag-ukraina"],"_links":{"self":[{"href":"http:\/\/wgphoto.pl\/t\/index.php?rest_route=\/wp\/v2\/posts\/6937","targetHints":{"allow":["GET"]}}],"collection":[{"href":"http:\/\/wgphoto.pl\/t\/index.php?rest_route=\/wp\/v2\/posts"}],"about":[{"href":"http:\/\/wgphoto.pl\/t\/index.php?rest_route=\/wp\/v2\/types\/post"}],"author":[{"embeddable":true,"href":"http:\/\/wgphoto.pl\/t\/index.php?rest_route=\/wp\/v2\/users\/1"}],"replies":[{"embeddable":true,"href":"http:\/\/wgphoto.pl\/t\/index.php?rest_route=%2Fwp%2Fv2%2Fcomments&post=6937"}],"version-history":[{"count":1,"href":"http:\/\/wgphoto.pl\/t\/index.php?rest_route=\/wp\/v2\/posts\/6937\/revisions"}],"predecessor-version":[{"id":6939,"href":"http:\/\/wgphoto.pl\/t\/index.php?rest_route=\/wp\/v2\/posts\/6937\/revisions\/6939"}],"wp:featuredmedia":[{"embeddable":true,"href":"http:\/\/wgphoto.pl\/t\/index.php?rest_route=\/wp\/v2\/media\/6938"}],"wp:attachment":[{"href":"http:\/\/wgphoto.pl\/t\/index.php?rest_route=%2Fwp%2Fv2%2Fmedia&parent=6937"}],"wp:term":[{"taxonomy":"category","embeddable":true,"href":"http:\/\/wgphoto.pl\/t\/index.php?rest_route=%2Fwp%2Fv2%2Fcategories&post=6937"},{"taxonomy":"post_tag","embeddable":true,"href":"http:\/\/wgphoto.pl\/t\/index.php?rest_route=%2Fwp%2Fv2%2Ftags&post=6937"}],"curies":[{"name":"wp","href":"https:\/\/api.w.org\/{rel}","templated":true}]}}