{"id":6940,"date":"2024-12-01T18:46:08","date_gmt":"2024-12-01T17:46:08","guid":{"rendered":"https:\/\/wgphoto.pl\/t\/?p=6940"},"modified":"2024-12-01T18:46:08","modified_gmt":"2024-12-01T17:46:08","slug":"tramwajem-do-skupu-szkla","status":"publish","type":"post","link":"http:\/\/wgphoto.pl\/t\/?p=6940","title":{"rendered":"Tramwajem do skupu szk\u0142a"},"content":{"rendered":"\n<figure class=\"wp-block-image aligncenter size-full\"><img loading=\"lazy\" decoding=\"async\" width=\"1200\" height=\"800\" src=\"https:\/\/wgphoto.pl\/t\/wp-content\/uploads\/2024\/12\/IMGP5619.jpg\" alt=\"\" class=\"wp-image-6941\" srcset=\"http:\/\/wgphoto.pl\/t\/wp-content\/uploads\/2024\/12\/IMGP5619.jpg 1200w, http:\/\/wgphoto.pl\/t\/wp-content\/uploads\/2024\/12\/IMGP5619-300x200.jpg 300w, http:\/\/wgphoto.pl\/t\/wp-content\/uploads\/2024\/12\/IMGP5619-768x512.jpg 768w\" sizes=\"auto, (max-width: 1200px) 100vw, 1200px\" \/><\/figure>\n\n\n\n<div class=\"wp-block-group has-global-padding is-layout-constrained wp-block-group-is-layout-constrained\">\n<p>Odessa, Mo\u0142odi P\u0142oszcza. Kraniec pi\u0119tnastki zlokalizowany jest obok S\u0142obidskiego bazaru, kt\u00f3ry ju\u017c tego dnia zako\u0144czy\u0142 dzia\u0142alno\u015b\u0107. Po prawej reklamuje si\u0119 skup szk\u0142a &#8211; zwr\u00f3\u0107cie uwag\u0119 na ten pi\u0119kny szablon z butelkami wplecionymi obok liter. \ud83d\ude09 06.08.2010<\/p>\n<\/div>\n","protected":false},"excerpt":{"rendered":"<p>Odessa, Mo\u0142odi P\u0142oszcza. Kraniec pi\u0119tnastki zlokalizowany jest obok S\u0142obidskiego bazaru, kt\u00f3ry ju\u017c tego dnia zako\u0144czy\u0142 dzia\u0142alno\u015b\u0107. Po prawej reklamuje si\u0119 skup szk\u0142a &#8211; zwr\u00f3\u0107cie uwag\u0119 na ten pi\u0119kny szablon z butelkami wplecionymi obok liter. \ud83d\ude09 06.08.2010<\/p>\n","protected":false},"author":1,"featured_media":6941,"comment_status":"open","ping_status":"","sticky":false,"template":"","format":"standard","meta":{"footnotes":""},"categories":[86,3],"tags":[1632,1633,1011,453],"class_list":["post-6940","post","type-post","status-publish","format-standard","has-post-thumbnail","hentry","category-rok-2010","category-tramwaj","tag-2010-08-06","tag-odessa","tag-tatra-t3","tag-ukraina"],"_links":{"self":[{"href":"http:\/\/wgphoto.pl\/t\/index.php?rest_route=\/wp\/v2\/posts\/6940","targetHints":{"allow":["GET"]}}],"collection":[{"href":"http:\/\/wgphoto.pl\/t\/index.php?rest_route=\/wp\/v2\/posts"}],"about":[{"href":"http:\/\/wgphoto.pl\/t\/index.php?rest_route=\/wp\/v2\/types\/post"}],"author":[{"embeddable":true,"href":"http:\/\/wgphoto.pl\/t\/index.php?rest_route=\/wp\/v2\/users\/1"}],"replies":[{"embeddable":true,"href":"http:\/\/wgphoto.pl\/t\/index.php?rest_route=%2Fwp%2Fv2%2Fcomments&post=6940"}],"version-history":[{"count":1,"href":"http:\/\/wgphoto.pl\/t\/index.php?rest_route=\/wp\/v2\/posts\/6940\/revisions"}],"predecessor-version":[{"id":6942,"href":"http:\/\/wgphoto.pl\/t\/index.php?rest_route=\/wp\/v2\/posts\/6940\/revisions\/6942"}],"wp:featuredmedia":[{"embeddable":true,"href":"http:\/\/wgphoto.pl\/t\/index.php?rest_route=\/wp\/v2\/media\/6941"}],"wp:attachment":[{"href":"http:\/\/wgphoto.pl\/t\/index.php?rest_route=%2Fwp%2Fv2%2Fmedia&parent=6940"}],"wp:term":[{"taxonomy":"category","embeddable":true,"href":"http:\/\/wgphoto.pl\/t\/index.php?rest_route=%2Fwp%2Fv2%2Fcategories&post=6940"},{"taxonomy":"post_tag","embeddable":true,"href":"http:\/\/wgphoto.pl\/t\/index.php?rest_route=%2Fwp%2Fv2%2Ftags&post=6940"}],"curies":[{"name":"wp","href":"https:\/\/api.w.org\/{rel}","templated":true}]}}