{"id":6949,"date":"2024-12-01T18:51:08","date_gmt":"2024-12-01T17:51:08","guid":{"rendered":"https:\/\/wgphoto.pl\/t\/?p=6949"},"modified":"2024-12-01T18:51:08","modified_gmt":"2024-12-01T17:51:08","slug":"drugi-widok-na-gory","status":"publish","type":"post","link":"http:\/\/wgphoto.pl\/t\/?p=6949","title":{"rendered":"Drugi widok na g\u00f3ry"},"content":{"rendered":"\n<figure class=\"wp-block-image aligncenter size-full\"><img loading=\"lazy\" decoding=\"async\" width=\"1200\" height=\"795\" src=\"https:\/\/wgphoto.pl\/t\/wp-content\/uploads\/2024\/12\/IMGP7957.jpg\" alt=\"\" class=\"wp-image-6950\" srcset=\"http:\/\/wgphoto.pl\/t\/wp-content\/uploads\/2024\/12\/IMGP7957.jpg 1200w, http:\/\/wgphoto.pl\/t\/wp-content\/uploads\/2024\/12\/IMGP7957-300x199.jpg 300w, http:\/\/wgphoto.pl\/t\/wp-content\/uploads\/2024\/12\/IMGP7957-768x509.jpg 768w\" sizes=\"auto, (max-width: 1200px) 100vw, 1200px\" \/><\/figure>\n\n\n\n<div class=\"wp-block-group has-global-padding is-layout-constrained wp-block-group-is-layout-constrained\">\n<p>Poci\u0105g w\u0105skotorowego S-bahnu (linia S7) jad\u0105c z Worb do Berna zaraz zatrzyma si\u0119 na przystanku na \u017c\u0105danie Vechigen i zabierze mnie st\u0105d do stolicy. Sk\u0142ad zestawiony jest ze skrajnych wagon\u00f3w starszej budowy oraz \u015brodkowego, niskowej\u015bciowego, budowy wsp\u00f3\u0142czesnej, co jest w Szwajcarii praktykowane dosy\u0107 cz\u0119sto. Przewo\u017anikiem jest natomiast sp\u00f3\u0142ka Regionalverkehr Bern-Solothurn (RBS), obs\u0142uguj\u0105ca kilka regionalnych linii kolejowych w okolicy oraz jedn\u0105 lini\u0119 tramwaju podmiejskiego, \u0142\u0105cz\u0105c\u0105 ko\u0144cow\u0105 stacj\u0119 prezentowanego S-bahnu (Worb Dorf) z centrum Berna. Podr\u00f3\u017c tramwajem i poci\u0105giem zajmuje mniej wi\u0119cej tyle samo czasu, przy czym ich trasy s\u0105 zupe\u0142nie r\u00f3\u017cne, a kolejowa jest nieco d\u0142u\u017csza. 2018-03-24<\/p>\n<\/div>\n","protected":false},"excerpt":{"rendered":"<p>Poci\u0105g w\u0105skotorowego S-bahnu (linia S7) jad\u0105c z Worb do Berna zaraz zatrzyma si\u0119 na przystanku na \u017c\u0105danie Vechigen i zabierze mnie st\u0105d do stolicy. Sk\u0142ad zestawiony jest ze skrajnych wagon\u00f3w starszej budowy oraz \u015brodkowego, niskowej\u015bciowego, budowy wsp\u00f3\u0142czesnej, co jest w Szwajcarii praktykowane dosy\u0107 cz\u0119sto. Przewo\u017anikiem jest natomiast sp\u00f3\u0142ka Regionalverkehr Bern-Solothurn (RBS), obs\u0142uguj\u0105ca kilka regionalnych linii [&hellip;]<\/p>\n","protected":false},"author":1,"featured_media":6950,"comment_status":"open","ping_status":"","sticky":false,"template":"","format":"standard","meta":{"footnotes":""},"categories":[2,156],"tags":[396,114,113,976,2483,183,186,2482],"class_list":["post-6949","post","type-post","status-publish","format-standard","has-post-thumbnail","hentry","category-kolej","category-rok-2018","tag-2018-03-24","tag-gory","tag-landszaft","tag-rbs","tag-s-bahn-bern","tag-suissetrip-2018","tag-szwajcaria","tag-vechigen"],"_links":{"self":[{"href":"http:\/\/wgphoto.pl\/t\/index.php?rest_route=\/wp\/v2\/posts\/6949","targetHints":{"allow":["GET"]}}],"collection":[{"href":"http:\/\/wgphoto.pl\/t\/index.php?rest_route=\/wp\/v2\/posts"}],"about":[{"href":"http:\/\/wgphoto.pl\/t\/index.php?rest_route=\/wp\/v2\/types\/post"}],"author":[{"embeddable":true,"href":"http:\/\/wgphoto.pl\/t\/index.php?rest_route=\/wp\/v2\/users\/1"}],"replies":[{"embeddable":true,"href":"http:\/\/wgphoto.pl\/t\/index.php?rest_route=%2Fwp%2Fv2%2Fcomments&post=6949"}],"version-history":[{"count":1,"href":"http:\/\/wgphoto.pl\/t\/index.php?rest_route=\/wp\/v2\/posts\/6949\/revisions"}],"predecessor-version":[{"id":6951,"href":"http:\/\/wgphoto.pl\/t\/index.php?rest_route=\/wp\/v2\/posts\/6949\/revisions\/6951"}],"wp:featuredmedia":[{"embeddable":true,"href":"http:\/\/wgphoto.pl\/t\/index.php?rest_route=\/wp\/v2\/media\/6950"}],"wp:attachment":[{"href":"http:\/\/wgphoto.pl\/t\/index.php?rest_route=%2Fwp%2Fv2%2Fmedia&parent=6949"}],"wp:term":[{"taxonomy":"category","embeddable":true,"href":"http:\/\/wgphoto.pl\/t\/index.php?rest_route=%2Fwp%2Fv2%2Fcategories&post=6949"},{"taxonomy":"post_tag","embeddable":true,"href":"http:\/\/wgphoto.pl\/t\/index.php?rest_route=%2Fwp%2Fv2%2Ftags&post=6949"}],"curies":[{"name":"wp","href":"https:\/\/api.w.org\/{rel}","templated":true}]}}