{"id":6958,"date":"2024-12-01T18:56:58","date_gmt":"2024-12-01T17:56:58","guid":{"rendered":"https:\/\/wgphoto.pl\/t\/?p=6958"},"modified":"2024-12-01T18:56:58","modified_gmt":"2024-12-01T17:56:58","slug":"martinstor","status":"publish","type":"post","link":"http:\/\/wgphoto.pl\/t\/?p=6958","title":{"rendered":"Martinstor"},"content":{"rendered":"\n<figure class=\"wp-block-image aligncenter size-full\"><img loading=\"lazy\" decoding=\"async\" width=\"1200\" height=\"795\" src=\"https:\/\/wgphoto.pl\/t\/wp-content\/uploads\/2024\/12\/IMGP8724.jpg\" alt=\"\" class=\"wp-image-6959\" srcset=\"http:\/\/wgphoto.pl\/t\/wp-content\/uploads\/2024\/12\/IMGP8724.jpg 1200w, http:\/\/wgphoto.pl\/t\/wp-content\/uploads\/2024\/12\/IMGP8724-300x199.jpg 300w, http:\/\/wgphoto.pl\/t\/wp-content\/uploads\/2024\/12\/IMGP8724-768x509.jpg 768w\" sizes=\"auto, (max-width: 1200px) 100vw, 1200px\" \/><\/figure>\n\n\n\n<div class=\"wp-block-group has-global-padding is-layout-constrained wp-block-group-is-layout-constrained\">\n<p>Combino w lokalnej odmianie, z dodatkowym wy\u015bwietlaczem na numer linii, przeje\u017cd\u017ca przez jedn\u0105 z dw\u00f3ch dawnych bram miejskich, pod kt\u00f3rymi kursuj\u0105 obecnie tramwaje. Bardzo sympatyczne miejsce, podobnie zreszt\u0105 jak ca\u0142a fryburska star\u00f3wka. 2018-03-28<\/p>\n<\/div>\n","protected":false},"excerpt":{"rendered":"<p>Combino w lokalnej odmianie, z dodatkowym wy\u015bwietlaczem na numer linii, przeje\u017cd\u017ca przez jedn\u0105 z dw\u00f3ch dawnych bram miejskich, pod kt\u00f3rymi kursuj\u0105 obecnie tramwaje. Bardzo sympatyczne miejsce, podobnie zreszt\u0105 jak ca\u0142a fryburska star\u00f3wka. 2018-03-28<\/p>\n","protected":false},"author":1,"featured_media":6959,"comment_status":"open","ping_status":"","sticky":false,"template":"","format":"standard","meta":{"footnotes":""},"categories":[156,3],"tags":[1159,34,2484,23,905,381,183],"class_list":["post-6958","post","type-post","status-publish","format-standard","has-post-thumbnail","hentry","category-rok-2018","category-tramwaj","tag-2018-03-28","tag-architektura","tag-freiburg-im-breisgau","tag-niemcy","tag-przez","tag-siemens-combino","tag-suissetrip-2018"],"_links":{"self":[{"href":"http:\/\/wgphoto.pl\/t\/index.php?rest_route=\/wp\/v2\/posts\/6958","targetHints":{"allow":["GET"]}}],"collection":[{"href":"http:\/\/wgphoto.pl\/t\/index.php?rest_route=\/wp\/v2\/posts"}],"about":[{"href":"http:\/\/wgphoto.pl\/t\/index.php?rest_route=\/wp\/v2\/types\/post"}],"author":[{"embeddable":true,"href":"http:\/\/wgphoto.pl\/t\/index.php?rest_route=\/wp\/v2\/users\/1"}],"replies":[{"embeddable":true,"href":"http:\/\/wgphoto.pl\/t\/index.php?rest_route=%2Fwp%2Fv2%2Fcomments&post=6958"}],"version-history":[{"count":1,"href":"http:\/\/wgphoto.pl\/t\/index.php?rest_route=\/wp\/v2\/posts\/6958\/revisions"}],"predecessor-version":[{"id":6960,"href":"http:\/\/wgphoto.pl\/t\/index.php?rest_route=\/wp\/v2\/posts\/6958\/revisions\/6960"}],"wp:featuredmedia":[{"embeddable":true,"href":"http:\/\/wgphoto.pl\/t\/index.php?rest_route=\/wp\/v2\/media\/6959"}],"wp:attachment":[{"href":"http:\/\/wgphoto.pl\/t\/index.php?rest_route=%2Fwp%2Fv2%2Fmedia&parent=6958"}],"wp:term":[{"taxonomy":"category","embeddable":true,"href":"http:\/\/wgphoto.pl\/t\/index.php?rest_route=%2Fwp%2Fv2%2Fcategories&post=6958"},{"taxonomy":"post_tag","embeddable":true,"href":"http:\/\/wgphoto.pl\/t\/index.php?rest_route=%2Fwp%2Fv2%2Ftags&post=6958"}],"curies":[{"name":"wp","href":"https:\/\/api.w.org\/{rel}","templated":true}]}}