{"id":696,"date":"2024-09-30T19:06:30","date_gmt":"2024-09-30T17:06:30","guid":{"rendered":"https:\/\/wgphoto.pl\/t\/?p=696"},"modified":"2024-09-30T19:06:30","modified_gmt":"2024-09-30T17:06:30","slug":"714-004","status":"publish","type":"post","link":"http:\/\/wgphoto.pl\/t\/?p=696","title":{"rendered":"714 004"},"content":{"rendered":"\n<figure class=\"wp-block-image aligncenter size-full\"><img loading=\"lazy\" decoding=\"async\" width=\"750\" height=\"1000\" src=\"https:\/\/wgphoto.pl\/t\/wp-content\/uploads\/2024\/09\/0814-10a.jpg\" alt=\"\" class=\"wp-image-697\" srcset=\"http:\/\/wgphoto.pl\/t\/wp-content\/uploads\/2024\/09\/0814-10a.jpg 750w, http:\/\/wgphoto.pl\/t\/wp-content\/uploads\/2024\/09\/0814-10a-225x300.jpg 225w\" sizes=\"auto, (max-width: 750px) 100vw, 750px\" \/><\/figure>\n\n\n\n<div class=\"wp-block-group has-global-padding is-layout-constrained wp-block-group-is-layout-constrained\">\n<p>Manewr\u00f3wka podczas nocnego odpoczynku na stacji Brno hl.n., nad kt\u00f3r\u0105 g\u00f3ruje katedra \u015bw. Piotra i Paw\u0142a. 12.09.2008<\/p>\n<\/div>\n","protected":false},"excerpt":{"rendered":"<p>Manewr\u00f3wka podczas nocnego odpoczynku na stacji Brno hl.n., nad kt\u00f3r\u0105 g\u00f3ruje katedra \u015bw. Piotra i Paw\u0142a. 12.09.2008<\/p>\n","protected":false},"author":1,"featured_media":697,"comment_status":"open","ping_status":"","sticky":false,"template":"","format":"standard","meta":{"footnotes":""},"categories":[62,2,120],"tags":[329,326,34,328,327,50,49,154,32],"class_list":["post-696","post","type-post","status-publish","format-standard","has-post-thumbnail","hentry","category-analog","category-kolej","category-rok-2008","tag-2008-09-12","tag-326","tag-architektura","tag-brno","tag-brno-hlavni-nadrazi","tag-cd","tag-czechy","tag-noc","tag-pionowe"],"_links":{"self":[{"href":"http:\/\/wgphoto.pl\/t\/index.php?rest_route=\/wp\/v2\/posts\/696","targetHints":{"allow":["GET"]}}],"collection":[{"href":"http:\/\/wgphoto.pl\/t\/index.php?rest_route=\/wp\/v2\/posts"}],"about":[{"href":"http:\/\/wgphoto.pl\/t\/index.php?rest_route=\/wp\/v2\/types\/post"}],"author":[{"embeddable":true,"href":"http:\/\/wgphoto.pl\/t\/index.php?rest_route=\/wp\/v2\/users\/1"}],"replies":[{"embeddable":true,"href":"http:\/\/wgphoto.pl\/t\/index.php?rest_route=%2Fwp%2Fv2%2Fcomments&post=696"}],"version-history":[{"count":1,"href":"http:\/\/wgphoto.pl\/t\/index.php?rest_route=\/wp\/v2\/posts\/696\/revisions"}],"predecessor-version":[{"id":698,"href":"http:\/\/wgphoto.pl\/t\/index.php?rest_route=\/wp\/v2\/posts\/696\/revisions\/698"}],"wp:featuredmedia":[{"embeddable":true,"href":"http:\/\/wgphoto.pl\/t\/index.php?rest_route=\/wp\/v2\/media\/697"}],"wp:attachment":[{"href":"http:\/\/wgphoto.pl\/t\/index.php?rest_route=%2Fwp%2Fv2%2Fmedia&parent=696"}],"wp:term":[{"taxonomy":"category","embeddable":true,"href":"http:\/\/wgphoto.pl\/t\/index.php?rest_route=%2Fwp%2Fv2%2Fcategories&post=696"},{"taxonomy":"post_tag","embeddable":true,"href":"http:\/\/wgphoto.pl\/t\/index.php?rest_route=%2Fwp%2Fv2%2Ftags&post=696"}],"curies":[{"name":"wp","href":"https:\/\/api.w.org\/{rel}","templated":true}]}}