{"id":6961,"date":"2024-12-01T18:58:31","date_gmt":"2024-12-01T17:58:31","guid":{"rendered":"https:\/\/wgphoto.pl\/t\/?p=6961"},"modified":"2024-12-01T18:58:46","modified_gmt":"2024-12-01T17:58:46","slug":"tramwaj-miedzynarodowy","status":"publish","type":"post","link":"http:\/\/wgphoto.pl\/t\/?p=6961","title":{"rendered":"Tramwaj mi\u0119dzynarodowy"},"content":{"rendered":"\n<figure class=\"wp-block-image aligncenter size-full\"><img loading=\"lazy\" decoding=\"async\" width=\"1200\" height=\"795\" src=\"https:\/\/wgphoto.pl\/t\/wp-content\/uploads\/2024\/12\/IMGP7275.jpg\" alt=\"\" class=\"wp-image-6962\" srcset=\"http:\/\/wgphoto.pl\/t\/wp-content\/uploads\/2024\/12\/IMGP7275.jpg 1200w, http:\/\/wgphoto.pl\/t\/wp-content\/uploads\/2024\/12\/IMGP7275-300x199.jpg 300w, http:\/\/wgphoto.pl\/t\/wp-content\/uploads\/2024\/12\/IMGP7275-768x509.jpg 768w\" sizes=\"auto, (max-width: 1200px) 100vw, 1200px\" \/><\/figure>\n\n\n\n<div class=\"wp-block-group has-global-padding is-layout-constrained wp-block-group-is-layout-constrained\">\n<p>Tramwaj prywatnej sp\u00f3\u0142eczki Baselland Transport AG (BLT) wykonuje d\u0142ugi kurs linii 10 z Dornach przez Bazyle\u0119 do Rodersdorfu, ale \u017ceby tam dotrze\u0107 musi omin\u0105\u0107 okoliczne wzg\u00f3rza jad\u0105c przez terytorium Francji. W\u0142a\u015bnie na tym odcinku powsta\u0142o powy\u017csze foto. W tle wida\u0107 francusk\u0105 wiosk\u0119 Leymen, w kt\u00f3rej tramwaj oczywi\u015bcie zalicza przystanek (a nawet mijank\u0119). Jest to jeden z a\u017c trzech mi\u0119dzynarodowych odcink\u00f3w bazylejskiej sieci. 2018-03-22<\/p>\n<\/div>\n","protected":false},"excerpt":{"rendered":"<p>Tramwaj prywatnej sp\u00f3\u0142eczki Baselland Transport AG (BLT) wykonuje d\u0142ugi kurs linii 10 z Dornach przez Bazyle\u0119 do Rodersdorfu, ale \u017ceby tam dotrze\u0107 musi omin\u0105\u0107 okoliczne wzg\u00f3rza jad\u0105c przez terytorium Francji. W\u0142a\u015bnie na tym odcinku powsta\u0142o powy\u017csze foto. W tle wida\u0107 francusk\u0105 wiosk\u0119 Leymen, w kt\u00f3rej tramwaj oczywi\u015bcie zalicza przystanek (a nawet mijank\u0119). Jest to jeden [&hellip;]<\/p>\n","protected":false},"author":1,"featured_media":6962,"comment_status":"open","ping_status":"","sticky":false,"template":"","format":"standard","meta":{"footnotes":""},"categories":[156,3],"tags":[382,378,2485,415,2486,143,2487,183,561],"class_list":["post-6961","post","type-post","status-publish","format-standard","has-post-thumbnail","hentry","category-rok-2018","category-tramwaj","tag-2018-03-22","tag-bazylea","tag-blt","tag-francja","tag-leymen","tag-ponad-30m","tag-stadler-tango","tag-suissetrip-2018","tag-tramwaj-podmiejski"],"_links":{"self":[{"href":"http:\/\/wgphoto.pl\/t\/index.php?rest_route=\/wp\/v2\/posts\/6961","targetHints":{"allow":["GET"]}}],"collection":[{"href":"http:\/\/wgphoto.pl\/t\/index.php?rest_route=\/wp\/v2\/posts"}],"about":[{"href":"http:\/\/wgphoto.pl\/t\/index.php?rest_route=\/wp\/v2\/types\/post"}],"author":[{"embeddable":true,"href":"http:\/\/wgphoto.pl\/t\/index.php?rest_route=\/wp\/v2\/users\/1"}],"replies":[{"embeddable":true,"href":"http:\/\/wgphoto.pl\/t\/index.php?rest_route=%2Fwp%2Fv2%2Fcomments&post=6961"}],"version-history":[{"count":1,"href":"http:\/\/wgphoto.pl\/t\/index.php?rest_route=\/wp\/v2\/posts\/6961\/revisions"}],"predecessor-version":[{"id":6963,"href":"http:\/\/wgphoto.pl\/t\/index.php?rest_route=\/wp\/v2\/posts\/6961\/revisions\/6963"}],"wp:featuredmedia":[{"embeddable":true,"href":"http:\/\/wgphoto.pl\/t\/index.php?rest_route=\/wp\/v2\/media\/6962"}],"wp:attachment":[{"href":"http:\/\/wgphoto.pl\/t\/index.php?rest_route=%2Fwp%2Fv2%2Fmedia&parent=6961"}],"wp:term":[{"taxonomy":"category","embeddable":true,"href":"http:\/\/wgphoto.pl\/t\/index.php?rest_route=%2Fwp%2Fv2%2Fcategories&post=6961"},{"taxonomy":"post_tag","embeddable":true,"href":"http:\/\/wgphoto.pl\/t\/index.php?rest_route=%2Fwp%2Fv2%2Ftags&post=6961"}],"curies":[{"name":"wp","href":"https:\/\/api.w.org\/{rel}","templated":true}]}}