{"id":6964,"date":"2024-12-01T19:00:42","date_gmt":"2024-12-01T18:00:42","guid":{"rendered":"https:\/\/wgphoto.pl\/t\/?p=6964"},"modified":"2024-12-01T19:00:42","modified_gmt":"2024-12-01T18:00:42","slug":"uwazaj-to-nie-chmury","status":"publish","type":"post","link":"http:\/\/wgphoto.pl\/t\/?p=6964","title":{"rendered":"Uwa\u017caj, to nie chmury"},"content":{"rendered":"\n<figure class=\"wp-block-image aligncenter size-full\"><img loading=\"lazy\" decoding=\"async\" width=\"1200\" height=\"795\" src=\"https:\/\/wgphoto.pl\/t\/wp-content\/uploads\/2024\/12\/IMGP7116.jpg\" alt=\"\" class=\"wp-image-6965\" srcset=\"http:\/\/wgphoto.pl\/t\/wp-content\/uploads\/2024\/12\/IMGP7116.jpg 1200w, http:\/\/wgphoto.pl\/t\/wp-content\/uploads\/2024\/12\/IMGP7116-300x199.jpg 300w, http:\/\/wgphoto.pl\/t\/wp-content\/uploads\/2024\/12\/IMGP7116-768x509.jpg 768w\" sizes=\"auto, (max-width: 1200px) 100vw, 1200px\" \/><\/figure>\n\n\n\n<div class=\"wp-block-group has-global-padding is-layout-constrained wp-block-group-is-layout-constrained\">\n<p>\u2026tylko szczyty Jury. Siedmiocz\u0142onowy Cityrunner jedzie Route de Meyrin w kierunku granicy szwajcarsko-francuskiej, stanowi\u0105cej jednocze\u015bnie granic\u0119 kantonu (bo &#8211; jak si\u0119 okazuje &#8211; niekoniecznie samego miasta) Genewa. 21.03.2018<\/p>\n<\/div>\n","protected":false},"excerpt":{"rendered":"<p>\u2026tylko szczyty Jury. Siedmiocz\u0142onowy Cityrunner jedzie Route de Meyrin w kierunku granicy szwajcarsko-francuskiej, stanowi\u0105cej jednocze\u015bnie granic\u0119 kantonu (bo &#8211; jak si\u0119 okazuje &#8211; niekoniecznie samego miasta) Genewa. 21.03.2018<\/p>\n","protected":false},"author":1,"featured_media":6965,"comment_status":"open","ping_status":"","sticky":false,"template":"","format":"standard","meta":{"footnotes":""},"categories":[156,3],"tags":[188,185,184,114,143,183,186,187],"class_list":["post-6964","post","type-post","status-publish","format-standard","has-post-thumbnail","hentry","category-rok-2018","category-tramwaj","tag-2018-03-21","tag-cityrunner","tag-genewa","tag-gory","tag-ponad-30m","tag-suissetrip-2018","tag-szwajcaria","tag-tpg-geneve"],"_links":{"self":[{"href":"http:\/\/wgphoto.pl\/t\/index.php?rest_route=\/wp\/v2\/posts\/6964","targetHints":{"allow":["GET"]}}],"collection":[{"href":"http:\/\/wgphoto.pl\/t\/index.php?rest_route=\/wp\/v2\/posts"}],"about":[{"href":"http:\/\/wgphoto.pl\/t\/index.php?rest_route=\/wp\/v2\/types\/post"}],"author":[{"embeddable":true,"href":"http:\/\/wgphoto.pl\/t\/index.php?rest_route=\/wp\/v2\/users\/1"}],"replies":[{"embeddable":true,"href":"http:\/\/wgphoto.pl\/t\/index.php?rest_route=%2Fwp%2Fv2%2Fcomments&post=6964"}],"version-history":[{"count":1,"href":"http:\/\/wgphoto.pl\/t\/index.php?rest_route=\/wp\/v2\/posts\/6964\/revisions"}],"predecessor-version":[{"id":6966,"href":"http:\/\/wgphoto.pl\/t\/index.php?rest_route=\/wp\/v2\/posts\/6964\/revisions\/6966"}],"wp:featuredmedia":[{"embeddable":true,"href":"http:\/\/wgphoto.pl\/t\/index.php?rest_route=\/wp\/v2\/media\/6965"}],"wp:attachment":[{"href":"http:\/\/wgphoto.pl\/t\/index.php?rest_route=%2Fwp%2Fv2%2Fmedia&parent=6964"}],"wp:term":[{"taxonomy":"category","embeddable":true,"href":"http:\/\/wgphoto.pl\/t\/index.php?rest_route=%2Fwp%2Fv2%2Fcategories&post=6964"},{"taxonomy":"post_tag","embeddable":true,"href":"http:\/\/wgphoto.pl\/t\/index.php?rest_route=%2Fwp%2Fv2%2Ftags&post=6964"}],"curies":[{"name":"wp","href":"https:\/\/api.w.org\/{rel}","templated":true}]}}