{"id":6973,"date":"2024-12-01T19:06:28","date_gmt":"2024-12-01T18:06:28","guid":{"rendered":"https:\/\/wgphoto.pl\/t\/?p=6973"},"modified":"2024-12-01T19:06:28","modified_gmt":"2024-12-01T18:06:28","slug":"alfa","status":"publish","type":"post","link":"http:\/\/wgphoto.pl\/t\/?p=6973","title":{"rendered":"Alfa"},"content":{"rendered":"\n<figure class=\"wp-block-image aligncenter size-full\"><img loading=\"lazy\" decoding=\"async\" width=\"1200\" height=\"795\" src=\"https:\/\/wgphoto.pl\/t\/wp-content\/uploads\/2024\/12\/IMGP6642.jpg\" alt=\"\" class=\"wp-image-6974\" srcset=\"http:\/\/wgphoto.pl\/t\/wp-content\/uploads\/2024\/12\/IMGP6642.jpg 1200w, http:\/\/wgphoto.pl\/t\/wp-content\/uploads\/2024\/12\/IMGP6642-300x199.jpg 300w, http:\/\/wgphoto.pl\/t\/wp-content\/uploads\/2024\/12\/IMGP6642-768x509.jpg 768w\" sizes=\"auto, (max-width: 1200px) 100vw, 1200px\" \/><\/figure>\n\n\n\n<div class=\"wp-block-group has-global-padding is-layout-constrained wp-block-group-is-layout-constrained\">\n<p>Poci\u0105g Alfa 126 relacji Porto-Campanh\u00e3 &#8211; Lisboa-Sta. Apol\u00f3nia przed paroma minutami odjecha\u0142 ze stacji pocz\u0105tkowej i ko\u0144czy w\u0142a\u015bnie przepraw\u0119 nad rzek\u0105 Douro. 2018-02-20<\/p>\n<\/div>\n","protected":false},"excerpt":{"rendered":"<p>Poci\u0105g Alfa 126 relacji Porto-Campanh\u00e3 &#8211; Lisboa-Sta. Apol\u00f3nia przed paroma minutami odjecha\u0142 ze stacji pocz\u0105tkowej i ko\u0144czy w\u0142a\u015bnie przepraw\u0119 nad rzek\u0105 Douro. 2018-02-20<\/p>\n","protected":false},"author":1,"featured_media":6974,"comment_status":"open","ping_status":"","sticky":false,"template":"","format":"standard","meta":{"footnotes":""},"categories":[2,156],"tags":[506,1165,113,754,503,297,505,73],"class_list":["post-6973","post","type-post","status-publish","format-standard","has-post-thumbnail","hentry","category-kolej","category-rok-2018","tag-2018-02-20","tag-cp","tag-landszaft","tag-pendolino","tag-porto","tag-portugalia","tag-portugalia-2018","tag-rzeka"],"_links":{"self":[{"href":"http:\/\/wgphoto.pl\/t\/index.php?rest_route=\/wp\/v2\/posts\/6973","targetHints":{"allow":["GET"]}}],"collection":[{"href":"http:\/\/wgphoto.pl\/t\/index.php?rest_route=\/wp\/v2\/posts"}],"about":[{"href":"http:\/\/wgphoto.pl\/t\/index.php?rest_route=\/wp\/v2\/types\/post"}],"author":[{"embeddable":true,"href":"http:\/\/wgphoto.pl\/t\/index.php?rest_route=\/wp\/v2\/users\/1"}],"replies":[{"embeddable":true,"href":"http:\/\/wgphoto.pl\/t\/index.php?rest_route=%2Fwp%2Fv2%2Fcomments&post=6973"}],"version-history":[{"count":1,"href":"http:\/\/wgphoto.pl\/t\/index.php?rest_route=\/wp\/v2\/posts\/6973\/revisions"}],"predecessor-version":[{"id":6975,"href":"http:\/\/wgphoto.pl\/t\/index.php?rest_route=\/wp\/v2\/posts\/6973\/revisions\/6975"}],"wp:featuredmedia":[{"embeddable":true,"href":"http:\/\/wgphoto.pl\/t\/index.php?rest_route=\/wp\/v2\/media\/6974"}],"wp:attachment":[{"href":"http:\/\/wgphoto.pl\/t\/index.php?rest_route=%2Fwp%2Fv2%2Fmedia&parent=6973"}],"wp:term":[{"taxonomy":"category","embeddable":true,"href":"http:\/\/wgphoto.pl\/t\/index.php?rest_route=%2Fwp%2Fv2%2Fcategories&post=6973"},{"taxonomy":"post_tag","embeddable":true,"href":"http:\/\/wgphoto.pl\/t\/index.php?rest_route=%2Fwp%2Fv2%2Ftags&post=6973"}],"curies":[{"name":"wp","href":"https:\/\/api.w.org\/{rel}","templated":true}]}}