{"id":6976,"date":"2024-12-01T19:08:29","date_gmt":"2024-12-01T18:08:29","guid":{"rendered":"https:\/\/wgphoto.pl\/t\/?p=6976"},"modified":"2024-12-01T19:08:29","modified_gmt":"2024-12-01T18:08:29","slug":"tarasy","status":"publish","type":"post","link":"http:\/\/wgphoto.pl\/t\/?p=6976","title":{"rendered":"Tarasy"},"content":{"rendered":"\n<figure class=\"wp-block-image aligncenter size-full\"><img loading=\"lazy\" decoding=\"async\" width=\"1200\" height=\"800\" src=\"https:\/\/wgphoto.pl\/t\/wp-content\/uploads\/2024\/12\/IMGP6631.jpg\" alt=\"\" class=\"wp-image-6977\" srcset=\"http:\/\/wgphoto.pl\/t\/wp-content\/uploads\/2024\/12\/IMGP6631.jpg 1200w, http:\/\/wgphoto.pl\/t\/wp-content\/uploads\/2024\/12\/IMGP6631-300x200.jpg 300w, http:\/\/wgphoto.pl\/t\/wp-content\/uploads\/2024\/12\/IMGP6631-768x512.jpg 768w\" sizes=\"auto, (max-width: 1200px) 100vw, 1200px\" \/><\/figure>\n\n\n\n<div class=\"wp-block-group has-global-padding is-layout-constrained wp-block-group-is-layout-constrained\">\n<p>Jednostka serii 3400 obs\u0142uguje podmiejski kurs 15415 relacji Porto-S\u00e3o Bento &#8211; Penafiel. Poci\u0105g zbli\u017ca si\u0119 do semafor\u00f3w wjazdowych w\u0119z\u0142owej stacji Porto-Campanh\u00e3, pe\u0142ni\u0105cej rol\u0119 miejscowego dworca g\u0142\u00f3wnego. Po prawej stronie widoczne s\u0105 kolejowe mosty na wyje\u017adzie z Porto w kierunku po\u0142udniowym (stalowy &#8211; nieczynny oraz wsp\u00f3\u0142czesny \u017celbetowy). &#8222;Pi\u0119tro ni\u017cej&#8221; dostrzec mo\u017cna r\u00f3wnie\u017c przebieg dawnej linii kolejowej, wykorzystywanej w ruchu towarowym jako po\u0142\u0105czenie z portem rzecznym, zje\u017cd\u017caj\u0105cej ze stacji Porto-Campanh\u00e3 na sam brzeg rzeki Douro, do stacji Porto-Alf\u00e2ndega. Tras\u0119 t\u0119 zamkni\u0119to w 1989 roku. 2018-02-20<\/p>\n<\/div>\n","protected":false},"excerpt":{"rendered":"<p>Jednostka serii 3400 obs\u0142uguje podmiejski kurs 15415 relacji Porto-S\u00e3o Bento &#8211; Penafiel. Poci\u0105g zbli\u017ca si\u0119 do semafor\u00f3w wjazdowych w\u0119z\u0142owej stacji Porto-Campanh\u00e3, pe\u0142ni\u0105cej rol\u0119 miejscowego dworca g\u0142\u00f3wnego. Po prawej stronie widoczne s\u0105 kolejowe mosty na wyje\u017adzie z Porto w kierunku po\u0142udniowym (stalowy &#8211; nieczynny oraz wsp\u00f3\u0142czesny \u017celbetowy). &#8222;Pi\u0119tro ni\u017cej&#8221; dostrzec mo\u017cna r\u00f3wnie\u017c przebieg dawnej linii kolejowej, [&hellip;]<\/p>\n","protected":false},"author":1,"featured_media":6977,"comment_status":"open","ping_status":"","sticky":false,"template":"","format":"standard","meta":{"footnotes":""},"categories":[2,156],"tags":[506,1165,113,503,297,505],"class_list":["post-6976","post","type-post","status-publish","format-standard","has-post-thumbnail","hentry","category-kolej","category-rok-2018","tag-2018-02-20","tag-cp","tag-landszaft","tag-porto","tag-portugalia","tag-portugalia-2018"],"_links":{"self":[{"href":"http:\/\/wgphoto.pl\/t\/index.php?rest_route=\/wp\/v2\/posts\/6976","targetHints":{"allow":["GET"]}}],"collection":[{"href":"http:\/\/wgphoto.pl\/t\/index.php?rest_route=\/wp\/v2\/posts"}],"about":[{"href":"http:\/\/wgphoto.pl\/t\/index.php?rest_route=\/wp\/v2\/types\/post"}],"author":[{"embeddable":true,"href":"http:\/\/wgphoto.pl\/t\/index.php?rest_route=\/wp\/v2\/users\/1"}],"replies":[{"embeddable":true,"href":"http:\/\/wgphoto.pl\/t\/index.php?rest_route=%2Fwp%2Fv2%2Fcomments&post=6976"}],"version-history":[{"count":1,"href":"http:\/\/wgphoto.pl\/t\/index.php?rest_route=\/wp\/v2\/posts\/6976\/revisions"}],"predecessor-version":[{"id":6978,"href":"http:\/\/wgphoto.pl\/t\/index.php?rest_route=\/wp\/v2\/posts\/6976\/revisions\/6978"}],"wp:featuredmedia":[{"embeddable":true,"href":"http:\/\/wgphoto.pl\/t\/index.php?rest_route=\/wp\/v2\/media\/6977"}],"wp:attachment":[{"href":"http:\/\/wgphoto.pl\/t\/index.php?rest_route=%2Fwp%2Fv2%2Fmedia&parent=6976"}],"wp:term":[{"taxonomy":"category","embeddable":true,"href":"http:\/\/wgphoto.pl\/t\/index.php?rest_route=%2Fwp%2Fv2%2Fcategories&post=6976"},{"taxonomy":"post_tag","embeddable":true,"href":"http:\/\/wgphoto.pl\/t\/index.php?rest_route=%2Fwp%2Fv2%2Ftags&post=6976"}],"curies":[{"name":"wp","href":"https:\/\/api.w.org\/{rel}","templated":true}]}}