{"id":7023,"date":"2024-12-08T17:52:09","date_gmt":"2024-12-08T16:52:09","guid":{"rendered":"https:\/\/wgphoto.pl\/t\/?p=7023"},"modified":"2024-12-08T17:52:09","modified_gmt":"2024-12-08T16:52:09","slug":"czas-sie-zatrzymal","status":"publish","type":"post","link":"http:\/\/wgphoto.pl\/t\/?p=7023","title":{"rendered":"Czas si\u0119 zatrzyma\u0142"},"content":{"rendered":"\n<figure class=\"wp-block-image aligncenter size-full\"><img loading=\"lazy\" decoding=\"async\" width=\"1300\" height=\"862\" src=\"https:\/\/wgphoto.pl\/t\/wp-content\/uploads\/2024\/12\/0533-30.jpg\" alt=\"\" class=\"wp-image-7024\" srcset=\"http:\/\/wgphoto.pl\/t\/wp-content\/uploads\/2024\/12\/0533-30.jpg 1300w, http:\/\/wgphoto.pl\/t\/wp-content\/uploads\/2024\/12\/0533-30-300x199.jpg 300w, http:\/\/wgphoto.pl\/t\/wp-content\/uploads\/2024\/12\/0533-30-768x509.jpg 768w\" sizes=\"auto, (max-width: 1300px) 100vw, 1300px\" \/><\/figure>\n\n\n\n<div class=\"wp-block-group has-global-padding is-layout-constrained wp-block-group-is-layout-constrained\">\n<p>105NWr 2536+2535 na mo\u015bcie Zwierzynieckim we Wroc\u0142awiu. W tym miejscu nic si\u0119 nie zmieni\u0142o do dzi\u015b, tramwaj r\u00f3wnie\u017c wygl\u0105da tak samo. [edit przy ponownej wrzutce &#8211; jednak si\u0119 zmieni\u0142o i to sporo] 17.12.2005<\/p>\n<\/div>\n","protected":false},"excerpt":{"rendered":"<p>105NWr 2536+2535 na mo\u015bcie Zwierzynieckim we Wroc\u0142awiu. W tym miejscu nic si\u0119 nie zmieni\u0142o do dzi\u015b, tramwaj r\u00f3wnie\u017c wygl\u0105da tak samo. [edit przy ponownej wrzutce &#8211; jednak si\u0119 zmieni\u0142o i to sporo] 17.12.2005<\/p>\n","protected":false},"author":1,"featured_media":7024,"comment_status":"open","ping_status":"","sticky":false,"template":"","format":"standard","meta":{"footnotes":""},"categories":[62,311,3],"tags":[43,2344,45,42,27,44,41],"class_list":["post-7023","post","type-post","status-publish","format-standard","has-post-thumbnail","hentry","category-analog","category-rok-2005","category-tramwaj","tag-105nwr","tag-2005-12-17","tag-most","tag-mpk-wroclaw","tag-polska","tag-snieg","tag-wroclaw"],"_links":{"self":[{"href":"http:\/\/wgphoto.pl\/t\/index.php?rest_route=\/wp\/v2\/posts\/7023","targetHints":{"allow":["GET"]}}],"collection":[{"href":"http:\/\/wgphoto.pl\/t\/index.php?rest_route=\/wp\/v2\/posts"}],"about":[{"href":"http:\/\/wgphoto.pl\/t\/index.php?rest_route=\/wp\/v2\/types\/post"}],"author":[{"embeddable":true,"href":"http:\/\/wgphoto.pl\/t\/index.php?rest_route=\/wp\/v2\/users\/1"}],"replies":[{"embeddable":true,"href":"http:\/\/wgphoto.pl\/t\/index.php?rest_route=%2Fwp%2Fv2%2Fcomments&post=7023"}],"version-history":[{"count":1,"href":"http:\/\/wgphoto.pl\/t\/index.php?rest_route=\/wp\/v2\/posts\/7023\/revisions"}],"predecessor-version":[{"id":7025,"href":"http:\/\/wgphoto.pl\/t\/index.php?rest_route=\/wp\/v2\/posts\/7023\/revisions\/7025"}],"wp:featuredmedia":[{"embeddable":true,"href":"http:\/\/wgphoto.pl\/t\/index.php?rest_route=\/wp\/v2\/media\/7024"}],"wp:attachment":[{"href":"http:\/\/wgphoto.pl\/t\/index.php?rest_route=%2Fwp%2Fv2%2Fmedia&parent=7023"}],"wp:term":[{"taxonomy":"category","embeddable":true,"href":"http:\/\/wgphoto.pl\/t\/index.php?rest_route=%2Fwp%2Fv2%2Fcategories&post=7023"},{"taxonomy":"post_tag","embeddable":true,"href":"http:\/\/wgphoto.pl\/t\/index.php?rest_route=%2Fwp%2Fv2%2Ftags&post=7023"}],"curies":[{"name":"wp","href":"https:\/\/api.w.org\/{rel}","templated":true}]}}