{"id":7032,"date":"2024-12-08T17:57:49","date_gmt":"2024-12-08T16:57:49","guid":{"rendered":"https:\/\/wgphoto.pl\/t\/?p=7032"},"modified":"2024-12-08T17:57:49","modified_gmt":"2024-12-08T16:57:49","slug":"45-km-h","status":"publish","type":"post","link":"http:\/\/wgphoto.pl\/t\/?p=7032","title":{"rendered":"45 km\/h"},"content":{"rendered":"\n<figure class=\"wp-block-image aligncenter size-full\"><img loading=\"lazy\" decoding=\"async\" width=\"1300\" height=\"862\" src=\"https:\/\/wgphoto.pl\/t\/wp-content\/uploads\/2024\/12\/0305-29.jpg\" alt=\"\" class=\"wp-image-7033\" srcset=\"http:\/\/wgphoto.pl\/t\/wp-content\/uploads\/2024\/12\/0305-29.jpg 1300w, http:\/\/wgphoto.pl\/t\/wp-content\/uploads\/2024\/12\/0305-29-300x199.jpg 300w, http:\/\/wgphoto.pl\/t\/wp-content\/uploads\/2024\/12\/0305-29-768x509.jpg 768w\" sizes=\"auto, (max-width: 1300px) 100vw, 1300px\" \/><\/figure>\n\n\n\n<div class=\"wp-block-group has-global-padding is-layout-constrained wp-block-group-is-layout-constrained\">\n<p>SP32-056 z poci\u0105giem osobowym 3333 relacji K\u0142odzko G\u0142. &#8211; Kudowa-Zdr\u00f3j pokonuje odcinek mi\u0119dzy Polanic\u0105 a Szczytn\u0105 pe\u0142n\u0105 45-tk\u0105, zaczynaj\u0105c\u0105 si\u0119 s\u0142ynnym swego czasu wska\u017anikiem pr\u0119dko\u015bci szlakowej z &#8222;4,5&#8221; (s\u0142ynn\u0105, gdy\u017c po\u0142\u00f3wki stosowano raczej rzadko). Pozdrowienia dla wsp\u00f3\u0142focisty widocznego w kadrze. \ud83d\ude09 01.03.2003<\/p>\n<\/div>\n","protected":false},"excerpt":{"rendered":"<p>SP32-056 z poci\u0105giem osobowym 3333 relacji K\u0142odzko G\u0142. &#8211; Kudowa-Zdr\u00f3j pokonuje odcinek mi\u0119dzy Polanic\u0105 a Szczytn\u0105 pe\u0142n\u0105 45-tk\u0105, zaczynaj\u0105c\u0105 si\u0119 s\u0142ynnym swego czasu wska\u017anikiem pr\u0119dko\u015bci szlakowej z &#8222;4,5&#8221; (s\u0142ynn\u0105, gdy\u017c po\u0142\u00f3wki stosowano raczej rzadko). Pozdrowienia dla wsp\u00f3\u0142focisty widocznego w kadrze. \ud83d\ude09 01.03.2003<\/p>\n","protected":false},"author":1,"featured_media":7033,"comment_status":"open","ping_status":"","sticky":false,"template":"","format":"standard","meta":{"footnotes":""},"categories":[62,2,149],"tags":[1664,63,1946,27,44,385,2207,383],"class_list":["post-7032","post","type-post","status-publish","format-standard","has-post-thumbnail","hentry","category-analog","category-kolej","category-rok-2003","tag-2003-03-01","tag-pkp","tag-polanica-zdroj","tag-polska","tag-snieg","tag-sp32","tag-szczytna","tag-tab-pl230"],"_links":{"self":[{"href":"http:\/\/wgphoto.pl\/t\/index.php?rest_route=\/wp\/v2\/posts\/7032","targetHints":{"allow":["GET"]}}],"collection":[{"href":"http:\/\/wgphoto.pl\/t\/index.php?rest_route=\/wp\/v2\/posts"}],"about":[{"href":"http:\/\/wgphoto.pl\/t\/index.php?rest_route=\/wp\/v2\/types\/post"}],"author":[{"embeddable":true,"href":"http:\/\/wgphoto.pl\/t\/index.php?rest_route=\/wp\/v2\/users\/1"}],"replies":[{"embeddable":true,"href":"http:\/\/wgphoto.pl\/t\/index.php?rest_route=%2Fwp%2Fv2%2Fcomments&post=7032"}],"version-history":[{"count":1,"href":"http:\/\/wgphoto.pl\/t\/index.php?rest_route=\/wp\/v2\/posts\/7032\/revisions"}],"predecessor-version":[{"id":7034,"href":"http:\/\/wgphoto.pl\/t\/index.php?rest_route=\/wp\/v2\/posts\/7032\/revisions\/7034"}],"wp:featuredmedia":[{"embeddable":true,"href":"http:\/\/wgphoto.pl\/t\/index.php?rest_route=\/wp\/v2\/media\/7033"}],"wp:attachment":[{"href":"http:\/\/wgphoto.pl\/t\/index.php?rest_route=%2Fwp%2Fv2%2Fmedia&parent=7032"}],"wp:term":[{"taxonomy":"category","embeddable":true,"href":"http:\/\/wgphoto.pl\/t\/index.php?rest_route=%2Fwp%2Fv2%2Fcategories&post=7032"},{"taxonomy":"post_tag","embeddable":true,"href":"http:\/\/wgphoto.pl\/t\/index.php?rest_route=%2Fwp%2Fv2%2Ftags&post=7032"}],"curies":[{"name":"wp","href":"https:\/\/api.w.org\/{rel}","templated":true}]}}