{"id":7035,"date":"2024-12-08T17:58:52","date_gmt":"2024-12-08T16:58:52","guid":{"rendered":"https:\/\/wgphoto.pl\/t\/?p=7035"},"modified":"2024-12-08T17:59:15","modified_gmt":"2024-12-08T16:59:15","slug":"jak-w-szwajcarskim-zegarku","status":"publish","type":"post","link":"http:\/\/wgphoto.pl\/t\/?p=7035","title":{"rendered":"Jak w szwajcarskim zegarku"},"content":{"rendered":"\n<figure class=\"wp-block-image aligncenter size-full\"><img loading=\"lazy\" decoding=\"async\" width=\"1300\" height=\"861\" src=\"https:\/\/wgphoto.pl\/t\/wp-content\/uploads\/2024\/12\/IMGP7262.jpg\" alt=\"\" class=\"wp-image-7036\" srcset=\"http:\/\/wgphoto.pl\/t\/wp-content\/uploads\/2024\/12\/IMGP7262.jpg 1300w, http:\/\/wgphoto.pl\/t\/wp-content\/uploads\/2024\/12\/IMGP7262-300x199.jpg 300w, http:\/\/wgphoto.pl\/t\/wp-content\/uploads\/2024\/12\/IMGP7262-768x509.jpg 768w\" sizes=\"auto, (max-width: 1300px) 100vw, 1300px\" \/><\/figure>\n\n\n\n<div class=\"wp-block-group has-global-padding is-layout-constrained wp-block-group-is-layout-constrained\">\n<p>Spotkanie podmiejskiego Stadlera Tango z miejskim Siemensem Combino w Bazylei. Do\u0142em, po Binningerstrasse, przebiega trasa linii 10 i 17 obs\u0142ugiwanych przez BLT, a g\u00f3r\u0105, po Viaduktstrasse, trasa linii 1 i 8, na kt\u00f3rych je\u017adzi BVB. W centrum wszystkie tramwaje korzystaj\u0105 oczywi\u015bcie ze wsp\u00f3lnej infrastruktury. 22.03.2018<\/p>\n<\/div>\n","protected":false},"excerpt":{"rendered":"<p>Spotkanie podmiejskiego Stadlera Tango z miejskim Siemensem Combino w Bazylei. Do\u0142em, po Binningerstrasse, przebiega trasa linii 10 i 17 obs\u0142ugiwanych przez BLT, a g\u00f3r\u0105, po Viaduktstrasse, trasa linii 1 i 8, na kt\u00f3rych je\u017adzi BVB. W centrum wszystkie tramwaje korzystaj\u0105 oczywi\u015bcie ze wsp\u00f3lnej infrastruktury. 22.03.2018<\/p>\n","protected":false},"author":1,"featured_media":7036,"comment_status":"open","ping_status":"","sticky":false,"template":"","format":"standard","meta":{"footnotes":""},"categories":[156,3],"tags":[382,378,2485,379,45,143,381,2487,183,186],"class_list":["post-7035","post","type-post","status-publish","format-standard","has-post-thumbnail","hentry","category-rok-2018","category-tramwaj","tag-2018-03-22","tag-bazylea","tag-blt","tag-bvb-basel","tag-most","tag-ponad-30m","tag-siemens-combino","tag-stadler-tango","tag-suissetrip-2018","tag-szwajcaria"],"_links":{"self":[{"href":"http:\/\/wgphoto.pl\/t\/index.php?rest_route=\/wp\/v2\/posts\/7035","targetHints":{"allow":["GET"]}}],"collection":[{"href":"http:\/\/wgphoto.pl\/t\/index.php?rest_route=\/wp\/v2\/posts"}],"about":[{"href":"http:\/\/wgphoto.pl\/t\/index.php?rest_route=\/wp\/v2\/types\/post"}],"author":[{"embeddable":true,"href":"http:\/\/wgphoto.pl\/t\/index.php?rest_route=\/wp\/v2\/users\/1"}],"replies":[{"embeddable":true,"href":"http:\/\/wgphoto.pl\/t\/index.php?rest_route=%2Fwp%2Fv2%2Fcomments&post=7035"}],"version-history":[{"count":1,"href":"http:\/\/wgphoto.pl\/t\/index.php?rest_route=\/wp\/v2\/posts\/7035\/revisions"}],"predecessor-version":[{"id":7037,"href":"http:\/\/wgphoto.pl\/t\/index.php?rest_route=\/wp\/v2\/posts\/7035\/revisions\/7037"}],"wp:featuredmedia":[{"embeddable":true,"href":"http:\/\/wgphoto.pl\/t\/index.php?rest_route=\/wp\/v2\/media\/7036"}],"wp:attachment":[{"href":"http:\/\/wgphoto.pl\/t\/index.php?rest_route=%2Fwp%2Fv2%2Fmedia&parent=7035"}],"wp:term":[{"taxonomy":"category","embeddable":true,"href":"http:\/\/wgphoto.pl\/t\/index.php?rest_route=%2Fwp%2Fv2%2Fcategories&post=7035"},{"taxonomy":"post_tag","embeddable":true,"href":"http:\/\/wgphoto.pl\/t\/index.php?rest_route=%2Fwp%2Fv2%2Ftags&post=7035"}],"curies":[{"name":"wp","href":"https:\/\/api.w.org\/{rel}","templated":true}]}}