{"id":7075,"date":"2024-12-08T19:56:17","date_gmt":"2024-12-08T18:56:17","guid":{"rendered":"https:\/\/wgphoto.pl\/t\/?p=7075"},"modified":"2024-12-08T19:56:38","modified_gmt":"2024-12-08T18:56:38","slug":"opole-zaprasza","status":"publish","type":"post","link":"http:\/\/wgphoto.pl\/t\/?p=7075","title":{"rendered":"Opole zaprasza"},"content":{"rendered":"\n<figure class=\"wp-block-image aligncenter size-full\"><img loading=\"lazy\" decoding=\"async\" width=\"1300\" height=\"861\" src=\"https:\/\/wgphoto.pl\/t\/wp-content\/uploads\/2024\/12\/IMGP7493.jpg\" alt=\"\" class=\"wp-image-7077\" srcset=\"http:\/\/wgphoto.pl\/t\/wp-content\/uploads\/2024\/12\/IMGP7493.jpg 1300w, http:\/\/wgphoto.pl\/t\/wp-content\/uploads\/2024\/12\/IMGP7493-300x199.jpg 300w, http:\/\/wgphoto.pl\/t\/wp-content\/uploads\/2024\/12\/IMGP7493-768x509.jpg 768w\" sizes=\"auto, (max-width: 1300px) 100vw, 1300px\" \/><\/figure>\n\n\n\n<div class=\"wp-block-group has-global-padding is-layout-constrained wp-block-group-is-layout-constrained\">\n<p>EP07-1047 z bli\u017cej nieznanym poci\u0105giem IC w kierunku Wroc\u0142awia wyje\u017cd\u017ca z Opola G\u0142\u00f3wnego. W tle dobrze widoczne s\u0105 charakterystyczne opolskie wie\u017ce, m.in. Piastowska i ratuszowa. 02.02.2020<\/p>\n<\/div>\n","protected":false},"excerpt":{"rendered":"<p>EP07-1047 z bli\u017cej nieznanym poci\u0105giem IC w kierunku Wroc\u0142awia wyje\u017cd\u017ca z Opola G\u0142\u00f3wnego. W tle dobrze widoczne s\u0105 charakterystyczne opolskie wie\u017ce, m.in. Piastowska i ratuszowa. 02.02.2020<\/p>\n","protected":false},"author":1,"featured_media":7077,"comment_status":"open","ping_status":"","sticky":false,"template":"","format":"standard","meta":{"footnotes":""},"categories":[2,676],"tags":[1755,124,1389,1859,63,27,711],"class_list":["post-7075","post","type-post","status-publish","format-standard","has-post-thumbnail","hentry","category-kolej","category-rok-2020","tag-2020-02-02","tag-ep07","tag-opole-glowne","tag-opole-zachodnie","tag-pkp","tag-polska","tag-tab-pl220"],"_links":{"self":[{"href":"http:\/\/wgphoto.pl\/t\/index.php?rest_route=\/wp\/v2\/posts\/7075","targetHints":{"allow":["GET"]}}],"collection":[{"href":"http:\/\/wgphoto.pl\/t\/index.php?rest_route=\/wp\/v2\/posts"}],"about":[{"href":"http:\/\/wgphoto.pl\/t\/index.php?rest_route=\/wp\/v2\/types\/post"}],"author":[{"embeddable":true,"href":"http:\/\/wgphoto.pl\/t\/index.php?rest_route=\/wp\/v2\/users\/1"}],"replies":[{"embeddable":true,"href":"http:\/\/wgphoto.pl\/t\/index.php?rest_route=%2Fwp%2Fv2%2Fcomments&post=7075"}],"version-history":[{"count":1,"href":"http:\/\/wgphoto.pl\/t\/index.php?rest_route=\/wp\/v2\/posts\/7075\/revisions"}],"predecessor-version":[{"id":7078,"href":"http:\/\/wgphoto.pl\/t\/index.php?rest_route=\/wp\/v2\/posts\/7075\/revisions\/7078"}],"wp:featuredmedia":[{"embeddable":true,"href":"http:\/\/wgphoto.pl\/t\/index.php?rest_route=\/wp\/v2\/media\/7077"}],"wp:attachment":[{"href":"http:\/\/wgphoto.pl\/t\/index.php?rest_route=%2Fwp%2Fv2%2Fmedia&parent=7075"}],"wp:term":[{"taxonomy":"category","embeddable":true,"href":"http:\/\/wgphoto.pl\/t\/index.php?rest_route=%2Fwp%2Fv2%2Fcategories&post=7075"},{"taxonomy":"post_tag","embeddable":true,"href":"http:\/\/wgphoto.pl\/t\/index.php?rest_route=%2Fwp%2Fv2%2Ftags&post=7075"}],"curies":[{"name":"wp","href":"https:\/\/api.w.org\/{rel}","templated":true}]}}