{"id":7088,"date":"2024-12-08T20:01:47","date_gmt":"2024-12-08T19:01:47","guid":{"rendered":"https:\/\/wgphoto.pl\/t\/?p=7088"},"modified":"2024-12-08T20:01:47","modified_gmt":"2024-12-08T19:01:47","slug":"pesa-w-dziupli","status":"publish","type":"post","link":"http:\/\/wgphoto.pl\/t\/?p=7088","title":{"rendered":"Pesa w dziupli"},"content":{"rendered":"\n<figure class=\"wp-block-image aligncenter size-full\"><img loading=\"lazy\" decoding=\"async\" width=\"1300\" height=\"861\" src=\"https:\/\/wgphoto.pl\/t\/wp-content\/uploads\/2024\/12\/IMGP2884.jpg\" alt=\"\" class=\"wp-image-7089\" srcset=\"http:\/\/wgphoto.pl\/t\/wp-content\/uploads\/2024\/12\/IMGP2884.jpg 1300w, http:\/\/wgphoto.pl\/t\/wp-content\/uploads\/2024\/12\/IMGP2884-300x199.jpg 300w, http:\/\/wgphoto.pl\/t\/wp-content\/uploads\/2024\/12\/IMGP2884-768x509.jpg 768w\" sizes=\"auto, (max-width: 1300px) 100vw, 1300px\" \/><\/figure>\n\n\n\n<div class=\"wp-block-group has-global-padding is-layout-constrained wp-block-group-is-layout-constrained\">\n<p>Wroc\u0142aw, p\u0119tla Park Po\u0142udniowy, wagon 2010NW 3208. Jak wiadomo, w parku rosn\u0105 drzewa, a te czasami pr\u00f3chniej\u0105 i si\u0119 przewracaj\u0105. Przez taki spr\u00f3chnia\u0142y pie\u0144, b\u0119d\u0105cy sytuacj\u0105 zastan\u0105, powsta\u0142o powy\u017csze foto. 28.08.2021<\/p>\n<\/div>\n","protected":false},"excerpt":{"rendered":"<p>Wroc\u0142aw, p\u0119tla Park Po\u0142udniowy, wagon 2010NW 3208. Jak wiadomo, w parku rosn\u0105 drzewa, a te czasami pr\u00f3chniej\u0105 i si\u0119 przewracaj\u0105. Przez taki spr\u00f3chnia\u0142y pie\u0144, b\u0119d\u0105cy sytuacj\u0105 zastan\u0105, powsta\u0142o powy\u017csze foto. 28.08.2021<\/p>\n","protected":false},"author":1,"featured_media":7089,"comment_status":"open","ping_status":"","sticky":false,"template":"","format":"standard","meta":{"footnotes":""},"categories":[681,3],"tags":[2506,42,2505,1207,27,905,439,41],"class_list":["post-7088","post","type-post","status-publish","format-standard","has-post-thumbnail","hentry","category-rok-2021","category-tramwaj","tag-2021-08-28","tag-mpk-wroclaw","tag-park-poludniowy","tag-pesa-twist","tag-polska","tag-przez","tag-we-fabryce","tag-wroclaw"],"_links":{"self":[{"href":"http:\/\/wgphoto.pl\/t\/index.php?rest_route=\/wp\/v2\/posts\/7088","targetHints":{"allow":["GET"]}}],"collection":[{"href":"http:\/\/wgphoto.pl\/t\/index.php?rest_route=\/wp\/v2\/posts"}],"about":[{"href":"http:\/\/wgphoto.pl\/t\/index.php?rest_route=\/wp\/v2\/types\/post"}],"author":[{"embeddable":true,"href":"http:\/\/wgphoto.pl\/t\/index.php?rest_route=\/wp\/v2\/users\/1"}],"replies":[{"embeddable":true,"href":"http:\/\/wgphoto.pl\/t\/index.php?rest_route=%2Fwp%2Fv2%2Fcomments&post=7088"}],"version-history":[{"count":1,"href":"http:\/\/wgphoto.pl\/t\/index.php?rest_route=\/wp\/v2\/posts\/7088\/revisions"}],"predecessor-version":[{"id":7090,"href":"http:\/\/wgphoto.pl\/t\/index.php?rest_route=\/wp\/v2\/posts\/7088\/revisions\/7090"}],"wp:featuredmedia":[{"embeddable":true,"href":"http:\/\/wgphoto.pl\/t\/index.php?rest_route=\/wp\/v2\/media\/7089"}],"wp:attachment":[{"href":"http:\/\/wgphoto.pl\/t\/index.php?rest_route=%2Fwp%2Fv2%2Fmedia&parent=7088"}],"wp:term":[{"taxonomy":"category","embeddable":true,"href":"http:\/\/wgphoto.pl\/t\/index.php?rest_route=%2Fwp%2Fv2%2Fcategories&post=7088"},{"taxonomy":"post_tag","embeddable":true,"href":"http:\/\/wgphoto.pl\/t\/index.php?rest_route=%2Fwp%2Fv2%2Ftags&post=7088"}],"curies":[{"name":"wp","href":"https:\/\/api.w.org\/{rel}","templated":true}]}}