{"id":7120,"date":"2024-12-09T21:35:37","date_gmt":"2024-12-09T20:35:37","guid":{"rendered":"https:\/\/wgphoto.pl\/t\/?p=7120"},"modified":"2025-09-19T17:53:30","modified_gmt":"2025-09-19T15:53:30","slug":"vieux-thann-zi-z-pociagiem","status":"publish","type":"post","link":"http:\/\/wgphoto.pl\/t\/?p=7120","title":{"rendered":"Vieux-Thann-ZI z poci\u0105giem"},"content":{"rendered":"\n<figure class=\"wp-block-image aligncenter size-full\"><img loading=\"lazy\" decoding=\"async\" width=\"1300\" height=\"861\" src=\"https:\/\/wgphoto.pl\/t\/wp-content\/uploads\/2024\/12\/IMGP6957-1.jpg\" alt=\"\" class=\"wp-image-7121\" srcset=\"http:\/\/wgphoto.pl\/t\/wp-content\/uploads\/2024\/12\/IMGP6957-1.jpg 1300w, http:\/\/wgphoto.pl\/t\/wp-content\/uploads\/2024\/12\/IMGP6957-1-300x199.jpg 300w, http:\/\/wgphoto.pl\/t\/wp-content\/uploads\/2024\/12\/IMGP6957-1-768x509.jpg 768w\" sizes=\"auto, (max-width: 1300px) 100vw, 1300px\" \/><\/figure>\n\n\n\n<div class=\"wp-block-group has-global-padding is-layout-constrained wp-block-group-is-layout-constrained\">\n<p>Foto por\u00f3wnawcze do s\u0105siedniego z tramwajem. Poci\u0105g regionalny z Miluzy do Kruth zatrzyma\u0142 si\u0119 na mijance Vieux-Thann-Zone Industrielle. Stacja docelowa le\u017cy kilkana\u015bcie kilometr\u00f3w dalej ni\u017c ko\u0144cowy przystanek tramwaju, poci\u0105g doje\u017cd\u017ca bowiem a\u017c do &#8222;kolejowego ko\u0144ca \u015bwiata&#8221; le\u017c\u0105cego w g\u0142\u0119bi widocznego w tle pasma Wogez\u00f3w. 20.03.2018<\/p>\n<\/div>\n","protected":false},"excerpt":{"rendered":"<p>Foto por\u00f3wnawcze do s\u0105siedniego z tramwajem. Poci\u0105g regionalny z Miluzy do Kruth zatrzyma\u0142 si\u0119 na mijance Vieux-Thann-Zone Industrielle. Stacja docelowa le\u017cy kilkana\u015bcie kilometr\u00f3w dalej ni\u017c ko\u0144cowy przystanek tramwaju, poci\u0105g doje\u017cd\u017ca bowiem a\u017c do &#8222;kolejowego ko\u0144ca \u015bwiata&#8221; le\u017c\u0105cego w g\u0142\u0119bi widocznego w tle pasma Wogez\u00f3w. 20.03.2018<\/p>\n","protected":false},"author":1,"featured_media":7121,"comment_status":"open","ping_status":"","sticky":false,"template":"","format":"standard","meta":{"footnotes":""},"categories":[2,156],"tags":[602,3393,415,114,173,601,1764,183,2509],"class_list":["post-7120","post","type-post","status-publish","format-standard","has-post-thumbnail","hentry","category-kolej","category-rok-2018","tag-2018-03-20","tag-alstom-coradia-a-ter","tag-francja","tag-gory","tag-koncowki","tag-miluza","tag-sncf","tag-suissetrip-2018","tag-vieux-thann-zi"],"_links":{"self":[{"href":"http:\/\/wgphoto.pl\/t\/index.php?rest_route=\/wp\/v2\/posts\/7120","targetHints":{"allow":["GET"]}}],"collection":[{"href":"http:\/\/wgphoto.pl\/t\/index.php?rest_route=\/wp\/v2\/posts"}],"about":[{"href":"http:\/\/wgphoto.pl\/t\/index.php?rest_route=\/wp\/v2\/types\/post"}],"author":[{"embeddable":true,"href":"http:\/\/wgphoto.pl\/t\/index.php?rest_route=\/wp\/v2\/users\/1"}],"replies":[{"embeddable":true,"href":"http:\/\/wgphoto.pl\/t\/index.php?rest_route=%2Fwp%2Fv2%2Fcomments&post=7120"}],"version-history":[{"count":1,"href":"http:\/\/wgphoto.pl\/t\/index.php?rest_route=\/wp\/v2\/posts\/7120\/revisions"}],"predecessor-version":[{"id":7122,"href":"http:\/\/wgphoto.pl\/t\/index.php?rest_route=\/wp\/v2\/posts\/7120\/revisions\/7122"}],"wp:featuredmedia":[{"embeddable":true,"href":"http:\/\/wgphoto.pl\/t\/index.php?rest_route=\/wp\/v2\/media\/7121"}],"wp:attachment":[{"href":"http:\/\/wgphoto.pl\/t\/index.php?rest_route=%2Fwp%2Fv2%2Fmedia&parent=7120"}],"wp:term":[{"taxonomy":"category","embeddable":true,"href":"http:\/\/wgphoto.pl\/t\/index.php?rest_route=%2Fwp%2Fv2%2Fcategories&post=7120"},{"taxonomy":"post_tag","embeddable":true,"href":"http:\/\/wgphoto.pl\/t\/index.php?rest_route=%2Fwp%2Fv2%2Ftags&post=7120"}],"curies":[{"name":"wp","href":"https:\/\/api.w.org\/{rel}","templated":true}]}}