{"id":7163,"date":"2024-12-09T21:53:38","date_gmt":"2024-12-09T20:53:38","guid":{"rendered":"https:\/\/wgphoto.pl\/t\/?p=7163"},"modified":"2024-12-09T21:53:38","modified_gmt":"2024-12-09T20:53:38","slug":"ruch-jak-w-rzymie","status":"publish","type":"post","link":"http:\/\/wgphoto.pl\/t\/?p=7163","title":{"rendered":"Ruch jak w Rzymie"},"content":{"rendered":"\n<figure class=\"wp-block-image aligncenter size-full\"><img loading=\"lazy\" decoding=\"async\" width=\"1300\" height=\"862\" src=\"https:\/\/wgphoto.pl\/t\/wp-content\/uploads\/2024\/12\/0712-07.jpg\" alt=\"\" class=\"wp-image-7164\" srcset=\"http:\/\/wgphoto.pl\/t\/wp-content\/uploads\/2024\/12\/0712-07.jpg 1300w, http:\/\/wgphoto.pl\/t\/wp-content\/uploads\/2024\/12\/0712-07-300x199.jpg 300w, http:\/\/wgphoto.pl\/t\/wp-content\/uploads\/2024\/12\/0712-07-768x509.jpg 768w\" sizes=\"auto, (max-width: 1300px) 100vw, 1300px\" \/><\/figure>\n\n\n\n<div class=\"wp-block-group has-global-padding is-layout-constrained wp-block-group-is-layout-constrained\">\n<p>\u2026czyli nieco nadszarpni\u0119ta przepustowo\u015b\u0107 tymczasowego odcinka jednotorowego na ul. Legnickiej we Wroc\u0142awiu. W kadrze widoczne s\u0105 tramwaje: 105NWr 2482+2483, za nim 105Na 2516+2515, z prawej 2282+2283. 24.05.2007<\/p>\n<\/div>\n","protected":false},"excerpt":{"rendered":"<p>\u2026czyli nieco nadszarpni\u0119ta przepustowo\u015b\u0107 tymczasowego odcinka jednotorowego na ul. Legnickiej we Wroc\u0142awiu. W kadrze widoczne s\u0105 tramwaje: 105NWr 2482+2483, za nim 105Na 2516+2515, z prawej 2282+2283. 24.05.2007<\/p>\n","protected":false},"author":1,"featured_media":7164,"comment_status":"open","ping_status":"","sticky":false,"template":"","format":"standard","meta":{"footnotes":""},"categories":[62,96,3],"tags":[155,43,2521,745,230,42,27,41],"class_list":["post-7163","post","type-post","status-publish","format-standard","has-post-thumbnail","hentry","category-analog","category-rok-2007","category-tramwaj","tag-105na","tag-105nwr","tag-2007-05-24","tag-budowa","tag-infrastruktura","tag-mpk-wroclaw","tag-polska","tag-wroclaw"],"_links":{"self":[{"href":"http:\/\/wgphoto.pl\/t\/index.php?rest_route=\/wp\/v2\/posts\/7163","targetHints":{"allow":["GET"]}}],"collection":[{"href":"http:\/\/wgphoto.pl\/t\/index.php?rest_route=\/wp\/v2\/posts"}],"about":[{"href":"http:\/\/wgphoto.pl\/t\/index.php?rest_route=\/wp\/v2\/types\/post"}],"author":[{"embeddable":true,"href":"http:\/\/wgphoto.pl\/t\/index.php?rest_route=\/wp\/v2\/users\/1"}],"replies":[{"embeddable":true,"href":"http:\/\/wgphoto.pl\/t\/index.php?rest_route=%2Fwp%2Fv2%2Fcomments&post=7163"}],"version-history":[{"count":1,"href":"http:\/\/wgphoto.pl\/t\/index.php?rest_route=\/wp\/v2\/posts\/7163\/revisions"}],"predecessor-version":[{"id":7165,"href":"http:\/\/wgphoto.pl\/t\/index.php?rest_route=\/wp\/v2\/posts\/7163\/revisions\/7165"}],"wp:featuredmedia":[{"embeddable":true,"href":"http:\/\/wgphoto.pl\/t\/index.php?rest_route=\/wp\/v2\/media\/7164"}],"wp:attachment":[{"href":"http:\/\/wgphoto.pl\/t\/index.php?rest_route=%2Fwp%2Fv2%2Fmedia&parent=7163"}],"wp:term":[{"taxonomy":"category","embeddable":true,"href":"http:\/\/wgphoto.pl\/t\/index.php?rest_route=%2Fwp%2Fv2%2Fcategories&post=7163"},{"taxonomy":"post_tag","embeddable":true,"href":"http:\/\/wgphoto.pl\/t\/index.php?rest_route=%2Fwp%2Fv2%2Ftags&post=7163"}],"curies":[{"name":"wp","href":"https:\/\/api.w.org\/{rel}","templated":true}]}}